{"id":8481,"date":"2025-02-27T09:49:05","date_gmt":"2025-02-27T08:49:05","guid":{"rendered":"https:\/\/bilingual.hu\/?p=8481"},"modified":"2025-05-09T08:10:03","modified_gmt":"2025-05-09T06:10:03","slug":"bilingual-english-summer-day-camps","status":"publish","type":"post","link":"https:\/\/bilingual.hu\/en\/bilingual-english-summer-day-camps\/","title":{"rendered":"Bilingual Summer Day Camps 2025"},"content":{"rendered":"\n<p class=\"has-primary-color has-text-color has-link-color wp-elements-f3bbe165c340f97a2ae214da1815a6a5\">We are happy to announce our <strong>Bilingual Day Camps<\/strong> for this summer!<\/p>\n\n\n<div class=\"wp-block-list\">\n<ul class=\"wp-block-list has-primary-color has-text-color has-link-color wp-elements-0291987c0a49c034be5be4bcd0ae714d\">\n<li>The common language in the camps is English \u2013 all day long!<\/li>\n<\/ul>\n<\/div>\n\n<div class=\"wp-block-list\">\n<ul class=\"wp-block-list has-primary-color has-text-color has-link-color wp-elements-acb327bb03acf315a940c34445bbdb40\">\n<li>\u200bCamp leaders are native English-speaking teachers, who are also masters of the\u200bir camp\u2019s\u200b \u200btheme (subject teacher\u200bs\u200b, coach\u200bes\u200b, etc.)<\/li>\n<\/ul>\n<\/div>\n\n\n<p class=\"has-primary-color has-text-color has-link-color wp-elements-dc2caac646ebd76061574d2ef96abd2d\">Since the language of the camps is English, we recommend them for children who are learning English at\u200b a higher level or \u200bare enrolled \u200bin a bilingual class \u200bat\u200b school. Registration advantages apply to children studying in the Bilingual Program.<\/p>\n\n\n\n<p class=\"has-primary-color has-text-color has-link-color wp-elements-79bb18658ce84bb612da860be0192677\"><strong>Check-\u200bin<\/strong> is between 8am and 9am, <strong>check\u200b\u2013\u200bout<\/strong> is between 4pm and 4:30pm.<\/p>\n\n\n\n<p class=\"has-primary-color has-text-color has-link-color wp-elements-562c35761a48533262e900c399f22713\"><strong>Meals:<\/strong> morning snack, lunch and afternoon snack.<\/p>\n\n\n\n<p class=\"has-primary-color has-text-color has-link-color wp-elements-b115a03d732308fd613df8e0ad5c5608\"><strong>\u200bCamp fee:<\/strong> 80,000 HUF\/week (\u200b\u200bMonday through\u200b Friday)<\/p>\n\n\n\n<p class=\"has-secondary-color has-text-color has-link-color wp-elements-b6c7d0fce2349478cb5ae035203d2b97\"><strong>For Bilingual Program students: 60,000 HUF<\/strong><\/p>\n\n\n\n<p class=\"has-primary-color has-text-color has-link-color wp-elements-98d68b343a844389e7741125526141e7\">The camp fee cannot be broken down into a daily fee (even if a child attends for less days, the full camp fee must be paid).<\/p>\n\n\n\n<p class=\"has-primary-color has-text-color has-link-color wp-elements-665d3fb205220271875b57c6cd2c1c0d\"><strong>Registration:<\/strong><\/p>\n\n\n\n<p class=\"has-primary-color has-text-color has-link-color wp-elements-73c7dea488edde1094973564667902c5\">1 \/ <strong>Click on the link<\/strong> following the description of the selected camp,<strong> fill in the form<\/strong> there.<\/p>\n\n\n\n<p class=\"has-primary-color has-text-color has-link-color wp-elements-29cc67c4559133bf35c4243714080b0d\">Please fill in <strong>one form per child<\/strong>.<\/p>\n\n\n\n<p class=\"has-primary-color has-text-color has-link-color wp-elements-1bf664e3e558512429e794c63de0d927\">Please note that completing the online form is considered as registration and so will result in a <strong>payment obligation<\/strong>!<\/p>\n\n\n\n<p class=\"has-primary-color has-text-color has-link-color wp-elements-98948e67e3efc90652e30dd08b5a979e\">2 \/ Upon confirmation, the system will send an automatic confirmation.<\/p>\n\n\n\n<p class=\"has-secondary-color has-text-color has-link-color wp-elements-295d7fa46dae599a6051ff32eca51a02\">3 \/ Applications are <strong>accepted in order of arrival<\/strong>, subject to place availability. Once we\u2019ve processed it, <strong>we\u2019ll confirm your application, subject to place availability, in a separate email.<\/strong> (It may take 1-2 days!) In case the camp fills up, the application will be placed on a <strong>waiting list<\/strong>.<\/p>\n\n\n\n<p class=\"has-primary-color has-text-color has-link-color wp-elements-01a9cdb669639610ff8936d066e46d93\">4 \/ <strong>Application deadline:<\/strong> no later than 2 weeks before the start of the camp.<\/p>\n\n\n\n<p class=\"has-primary-color has-text-color has-link-color wp-elements-68115734aafbe61df3c50fe6a06859f0\">5 \/ As the time of the camp approaches, we will send <strong>an invoice for the camp fee<\/strong>.<\/p>\n\n\n\n<p class=\"has-primary-color has-text-color has-link-color wp-elements-8eadd74a6a557f305563d140b23f9619\">6 \/ Please settle the invoice by the deadline, referring to the invoice number! (Your child can only start camp if the invoice has been settled.)<\/p>\n\n\n\n<p class=\"has-primary-color has-text-color has-link-color wp-elements-97b66994342cf88c45accf292cd2b997\"><strong>Cancellation policy:<\/strong><\/p>\n\n\n\n<p class=\"has-primary-color has-text-color has-link-color wp-elements-bca141a163f5a96179957f51f0dde6e0\">Due to <strong>tightened booking conditions<\/strong>, the Bilingual Program is also <strong>subject to advance payment<\/strong> for accommodation, meals, and travel for the camp.&nbsp;<\/p>\n\n\n<div class=\"wp-block-list\">\n<ul class=\"wp-block-list has-primary-color has-text-color has-link-color wp-elements-cbce3eea60b0b22efbe943fc3e6de662\">\n<li>Due to the changed circumstances, <strong>cancellation is not possible<\/strong>. Please note that a <strong>financially unsettled invoice does not constitute a cancellation<\/strong>.<\/li>\n\n\n\n<li>Please note that if the deposit is not received by the deadline specified above, the application will be automatically cancelled and the students on the waiting list will fill the vacant places.<\/li>\n\n\n\n<li><strong>In case of an illness, only on presentation of a medical certificate can a refund be requested and only for the amount that has been refunded to the Bilingual Program from the camp.<\/strong><\/li>\n<\/ul>\n<\/div>\n\n\n<h4 class=\"wp-block-heading has-primary-color has-text-color has-link-color wp-elements-01139cf9afe56ca5b2ee58d83d6472db\"><strong>The selection of Bilingual English day camps in the summer of 2025 are:<\/strong><span id=\"docs-internal-guid-9f9980e3-7fff-af04-60b1-b7324fe00640\" style=\"font-weight:normal;\"><div><span style=\"font-size: 12pt; font-family: Verdana, sans-serif; background-color: transparent; font-weight: 700; font-variant-numeric: normal; font-variant-east-asian: normal; font-variant-alternates: normal; font-variant-position: normal; font-variant-emoji: normal; vertical-align: baseline;\"><\/span><\/div><\/span><\/h4>\n\n\n\n<div style=\"height:30px\" aria-hidden=\"true\" class=\"wp-block-spacer\"><\/div>\n\n\n\n<figure class=\"wp-block-image alignleft size-large is-resized is-style-rounded is-style-rounded--1\"><a href=\"https:\/\/r3.minicrm.hu\/Form-38040-21xzynbgdb2pzxhhcje52d9c3g04co\"><img loading=\"lazy\" decoding=\"async\" width=\"724\" height=\"1024\" src=\"https:\/\/bilingual.hu\/app\/uploads\/2025\/02\/Crafts-Camp-2025-poster-724x1024.png\" alt=\"\" class=\"wp-image-8482\" style=\"width:341px;height:auto\" srcset=\"https:\/\/bilingual.hu\/app\/uploads\/2025\/02\/Crafts-Camp-2025-poster-724x1024.png 724w, https:\/\/bilingual.hu\/app\/uploads\/2025\/02\/Crafts-Camp-2025-poster-212x300.png 212w, https:\/\/bilingual.hu\/app\/uploads\/2025\/02\/Crafts-Camp-2025-poster-768x1086.png 768w, https:\/\/bilingual.hu\/app\/uploads\/2025\/02\/Crafts-Camp-2025-poster-1086x1536.png 1086w, https:\/\/bilingual.hu\/app\/uploads\/2025\/02\/Crafts-Camp-2025-poster.png 1414w\" sizes=\"auto, (max-width: 724px) 100vw, 724px\" \/><\/a><\/figure>\n\n\n\n<p class=\"has-primary-color has-text-color has-link-color has-h-4-font-size wp-elements-3961ffca72e60ccd4f770e75315afbe3\"><em><mark style=\"background-color:rgba(0, 0, 0, 0)\" class=\"has-inline-color has-secondary-color\">\ud83c\udfa8<\/mark><\/em><strong><mark style=\"background-color:rgba(0, 0, 0, 0)\" class=\"has-inline-color has-secondary-color\">\ud83e\udd9c<em> Craft Camp <\/em>\ud83e\udd9c<em>\ud83c\udfa8<\/em><\/mark><\/strong><\/p>\n\n\n\n<p><strong><mark style=\"background-color:rgba(0, 0, 0, 0)\" class=\"has-inline-color has-secondary-color\">FULL &#8211; YOU CAN SIGN UP FOR THE WAITING LIST<\/mark><\/strong><\/p>\n\n\n\n<p class=\"has-primary-color has-text-color has-link-color wp-elements-c28c48f4d1aeaf8dfe06c5c6ea6b40b5\"><strong>Date:<\/strong><strong> <\/strong>June 30 &#8211; July 4, 2025<\/p>\n\n\n\n<p class=\"has-primary-color has-text-color has-link-color wp-elements-0e849c7d17c83f5a186118a450c3e961\"><strong>Camp Leaders: <\/strong>Jane Thoma and Lana Claassen<\/p>\n\n\n\n<p class=\"has-primary-color has-text-color has-link-color wp-elements-5997ba44c00be56049482b46c76fcd93\"><strong>Location: <\/strong><a href=\"https:\/\/maps.app.goo.gl\/7VEtjTFem2UL6EXG9\">Budakeszi Sz\u00e9chenyi Istv\u00e1n Primary School<\/a><\/p>\n\n\n\n<p class=\"has-primary-color has-text-color has-link-color wp-elements-b4e58321c82c95956aa32eafe54b47c3\"><strong>Age group: <\/strong>for students finishing 1st &#8211; 4th grade<\/p>\n\n\n\n<p class=\"has-primary-color has-text-color has-link-color wp-elements-1fa053eadf9b0bbcecd04708fe307479\"><em>Embark on an exciting journey through the animal kingdom!<\/em><\/p>\n\n\n\n<p class=\"has-primary-color has-text-color has-link-color wp-elements-c53bcf0cb1492372bb2e26924e2c2c87\"><em>Each day, we&#8217;ll discover a new group of animals through arts, crafts, and outdoor games. Get creative with painting, colouring, and making lanyards and keychains while learning about fascinating creatures. Plus, enjoy fun outdoor activities that bring the world of animals to life.<\/em><\/p>\n\n\n\n<p class=\"has-primary-color has-text-color has-link-color wp-elements-f84c1edf1e051855eedd02e5bd023292\"><em>Join us and have a whale of a time!&nbsp;<\/em><\/p>\n\n\n\n<div class=\"wp-block-group has-global-padding is-layout-constrained wp-block-group-is-layout-constrained\">\n<div class=\"wp-block-columns is-layout-flex wp-container-core-columns-is-layout-28f84493 wp-block-columns-is-layout-flex\">\n<div class=\"wp-block-column is-layout-flow wp-block-column-is-layout-flow\" style=\"flex-basis:100%\">\n<figure class=\"wp-block-embed is-type-video is-provider-youtube wp-block-embed-youtube wp-embed-aspect-16-9 wp-has-aspect-ratio\" style=\"margin-top:0px;margin-right:226px;margin-bottom:0px;margin-left:226px\"><div class=\"wp-block-embed__wrapper\">\n<iframe loading=\"lazy\" title=\"Craft Camp 2025\" width=\"500\" height=\"281\" src=\"https:\/\/www.youtube.com\/embed\/kAXgtuAvWEU?feature=oembed&#038;enablejsapi=1&#038;origin=https:\/\/bilingual.hu\" frameborder=\"0\" allow=\"accelerometer; autoplay; clipboard-write; encrypted-media; gyroscope; picture-in-picture; web-share\" referrerpolicy=\"strict-origin-when-cross-origin\" allowfullscreen><\/iframe>\n<\/div><\/figure>\n<\/div>\n\n\n\n<div class=\"wp-block-column is-layout-flow wp-block-column-is-layout-flow\"><\/div>\n\n\n\n<div class=\"wp-block-column is-layout-flow wp-block-column-is-layout-flow\"><\/div>\n<\/div>\n<\/div>\n\n\n\n<p class=\"has-text-align-center\"><strong><mark style=\"background-color:rgba(0, 0, 0, 0)\" class=\"has-inline-color has-secondary-color\">FULL &#8211; YOU CAN SIGN UP FOR THE WAITING LIST<\/mark><\/strong><\/p>\n\n\n\n<div class=\"wp-block-buttons is-content-justification-center is-layout-flex wp-container-core-buttons-is-layout-a89b3969 wp-block-buttons-is-layout-flex\">\n<div class=\"wp-block-button is-style-fill\"><a class=\"wp-block-button__link has-contrast-color has-secondary-background-color has-text-color has-background has-link-color wp-element-button\" href=\"https:\/\/r3.minicrm.hu\/Form-38040-21xzynbgdb2pzxhhcje52d9c3g04co\">Registration &#8211; Craft Camp<\/a><\/div>\n<\/div>\n\n\n\n<div style=\"height:37px\" aria-hidden=\"true\" class=\"wp-block-spacer\"><\/div>\n\n\n\n<figure class=\"wp-block-image alignleft size-large is-resized is-style-rounded is-style-rounded--2\"><a href=\"https:\/\/r3.minicrm.hu\/Form-38040-0vc59ftlzk0fymxvv17r2jcpip35xz\"><img loading=\"lazy\" decoding=\"async\" width=\"724\" height=\"1024\" src=\"https:\/\/bilingual.hu\/app\/uploads\/2025\/02\/Camp-Little-Eagles-with-logo-724x1024.png\" alt=\"\" class=\"wp-image-8490\" style=\"width:305px;height:auto\" srcset=\"https:\/\/bilingual.hu\/app\/uploads\/2025\/02\/Camp-Little-Eagles-with-logo-724x1024.png 724w, https:\/\/bilingual.hu\/app\/uploads\/2025\/02\/Camp-Little-Eagles-with-logo-212x300.png 212w, https:\/\/bilingual.hu\/app\/uploads\/2025\/02\/Camp-Little-Eagles-with-logo-768x1086.png 768w, https:\/\/bilingual.hu\/app\/uploads\/2025\/02\/Camp-Little-Eagles-with-logo-1086x1536.png 1086w, https:\/\/bilingual.hu\/app\/uploads\/2025\/02\/Camp-Little-Eagles-with-logo.png 1414w\" sizes=\"auto, (max-width: 724px) 100vw, 724px\" \/><\/a><\/figure>\n\n\n\n<p class=\"has-primary-color has-text-color has-link-color has-h-4-font-size wp-elements-2228c762b53dd4022aaff6445ba1b89a\"><strong><mark style=\"background-color:rgba(0, 0, 0, 0)\" class=\"has-inline-color has-secondary-color\">\ud83c\udfc8 Camp Little Eagles<em> <\/em>\ud83c\udfc8<\/mark><\/strong><\/p>\n\n\n\n<p class=\"has-primary-color has-text-color has-link-color wp-elements-c28c48f4d1aeaf8dfe06c5c6ea6b40b5\"><strong>Date:<\/strong><strong> <\/strong>June 30 &#8211; July 4, 2025<\/p>\n\n\n\n<p><strong>Camp Leaders:<\/strong> Daniel Marples and Julia Volenter<\/p>\n\n\n\n<p><strong>Location: <\/strong><a href=\"https:\/\/maps.app.goo.gl\/3ZPzc4oNGamL7ejS7\">Kr\u00fady Gyula Primary School<\/a><\/p>\n\n\n\n<p><strong>Age group: <\/strong>for students finishing 1st &#8211; 8th grade<\/p>\n\n\n\n<p class=\"has-primary-color has-text-color has-link-color wp-elements-d4a74a809ca36edd389b934154388f6d\"><em>Join us at Camp Little Eagles for a summer camp packed with fun, games, and excitement! Our camp offers a unique blend of activities, sports, and adventure for kids of all ages. From basketball and baseball to nature walks, there&#8217;s something for everyone at our camp. Come and make new friends, unleash your creativity, test your skills, and create lasting memories at Camp Little Eagles!<\/em><\/p>\n\n\n\n<p><\/p>\n\n\n\n<div class=\"wp-block-group has-global-padding is-layout-constrained wp-block-group-is-layout-constrained\">\n<div class=\"wp-block-columns alignfull is-layout-flex wp-container-core-columns-is-layout-876ee7ec wp-block-columns-is-layout-flex\" style=\"padding-right:215px;padding-left:215px\">\n<div class=\"wp-block-column is-layout-flow wp-block-column-is-layout-flow\" style=\"padding-right:0px;padding-left:0px;flex-basis:100%\">\n<figure class=\"wp-block-embed is-type-video is-provider-youtube wp-block-embed-youtube wp-embed-aspect-16-9 wp-has-aspect-ratio\" style=\"margin-top:9px;margin-right:23px;margin-bottom:9px;margin-left:23px\"><div class=\"wp-block-embed__wrapper\">\n<iframe loading=\"lazy\" title=\"Camp Little Eagles 2025\" width=\"500\" height=\"281\" src=\"https:\/\/www.youtube.com\/embed\/ydfjJWDLT8I?feature=oembed&#038;enablejsapi=1&#038;origin=https:\/\/bilingual.hu\" frameborder=\"0\" allow=\"accelerometer; autoplay; clipboard-write; encrypted-media; gyroscope; picture-in-picture; web-share\" referrerpolicy=\"strict-origin-when-cross-origin\" allowfullscreen><\/iframe>\n<\/div><\/figure>\n<\/div>\n<\/div>\n<\/div>\n\n\n\n<div class=\"wp-block-buttons is-content-justification-center is-layout-flex wp-container-core-buttons-is-layout-a89b3969 wp-block-buttons-is-layout-flex\">\n<div class=\"wp-block-button is-style-fill\"><a class=\"wp-block-button__link has-contrast-color has-secondary-background-color has-text-color has-background has-link-color wp-element-button\" href=\"https:\/\/r3.minicrm.hu\/Form-38040-0vc59ftlzk0fymxvv17r2jcpip35xz\">Registration &#8211; Little Eagles<\/a><\/div>\n<\/div>\n\n\n\n<div style=\"height:43px\" aria-hidden=\"true\" class=\"wp-block-spacer\"><\/div>\n\n\n\n<figure class=\"wp-block-image alignleft size-large is-resized is-style-rounded is-style-rounded--3\"><a href=\"https:\/\/r3.minicrm.hu\/Form-38040-01scq0q27e0k0794rkis1ws1pl44f2\"><img loading=\"lazy\" decoding=\"async\" width=\"724\" height=\"1024\" src=\"https:\/\/bilingual.hu\/app\/uploads\/2025\/02\/Theater-Camp-2025-poster-724x1024.png\" alt=\"\" class=\"wp-image-8520\" style=\"width:383px;height:auto\" srcset=\"https:\/\/bilingual.hu\/app\/uploads\/2025\/02\/Theater-Camp-2025-poster-724x1024.png 724w, https:\/\/bilingual.hu\/app\/uploads\/2025\/02\/Theater-Camp-2025-poster-212x300.png 212w, https:\/\/bilingual.hu\/app\/uploads\/2025\/02\/Theater-Camp-2025-poster-768x1086.png 768w, https:\/\/bilingual.hu\/app\/uploads\/2025\/02\/Theater-Camp-2025-poster-1086x1536.png 1086w, https:\/\/bilingual.hu\/app\/uploads\/2025\/02\/Theater-Camp-2025-poster.png 1414w\" sizes=\"auto, (max-width: 724px) 100vw, 724px\" \/><\/a><\/figure>\n\n\n\n<p class=\"has-primary-color has-text-color has-link-color has-h-4-font-size wp-elements-0567d9ff0d865cde50096e01cdcb32cc\"><strong><mark style=\"background-color:rgba(0, 0, 0, 0)\" class=\"has-inline-color has-secondary-color\">\ud83c\udfad <em>Theater Camp<\/em>\ud83c\udfad<\/mark><\/strong><\/p>\n\n\n\n<p class=\"has-primary-color has-text-color has-link-color wp-elements-c28c48f4d1aeaf8dfe06c5c6ea6b40b5\"><strong>Date:<\/strong><strong> <\/strong>June 30 &#8211; July 4, 2025<\/p>\n\n\n\n<p class=\"has-primary-color has-text-color has-link-color wp-elements-f2bf33c7647bb4f5205fd67c8b47e5ff\"><strong>Camp Leaders: <\/strong>Amy Serfontein and Boaz Devenyi<\/p>\n\n\n\n<p class=\"has-primary-color has-text-color has-link-color wp-elements-d3adf6725825c5caff4555efd9119787\"><strong>Location: <\/strong><a href=\"https:\/\/maps.app.goo.gl\/S1GYNrGb4hczUufT8\">Cultural Center of \u00d3buda<\/a><\/p>\n\n\n\n<p class=\"has-primary-color has-text-color has-link-color wp-elements-98ef7d40d4c985987f30007f99df6b3b\"><strong>Age group: <\/strong>for students finishing 1st &#8211; 8th grade<\/p>\n\n\n\n<p class=\"has-primary-color has-text-color has-link-color wp-elements-cc0add089f3449cc61b1f9c54ea10e4f\"><em>Follow the Yellow Brick Road to an Unforgettable Theatre Adventure!<\/em><\/p>\n\n\n\n<p class=\"has-primary-color has-text-color has-link-color wp-elements-50aee8c13a89ce1dfd8927ecf225da80\"><em>Calling all young performers! Step into the magical world of The Wizard of Oz in this exciting 5-day theatre day camp, where creativity and confidence building take center stage. Through a fun week of acting, singing, and movement, you\u2019ll bring Dorothy, the Scarecrow, the Tin Man, the Lion, and the magical land of Oz to life\u2014all while improving your English in an exciting and fun way!<\/em><\/p>\n\n\n\n<p class=\"has-primary-color has-text-color has-link-color wp-elements-84422a35f6f3a4c8b42d154ee4e35daf\"><em>But the magic doesn\u2019t stop there! You\u2019ll play games, design costumes and props, enjoy storytelling through theatre, and go to the Hungarian State Opera. You will have fun with friends and enjoy your time on and off the stage. You will have fun working toward a grand performance at the end of the week where you get to shine in front of an audience of your family and friends! We\u2019ll have a great time having fun and speaking English.<\/em><\/p>\n\n\n\n<p class=\"has-primary-color has-text-color has-link-color wp-elements-22d3ed8eb3e926f516b9a913e5316dde\"><em>Join us, and let\u2019s make some theatre magic together!<\/em><\/p>\n\n\n\n<div class=\"wp-block-group has-global-padding is-layout-constrained wp-container-core-group-is-layout-9eb9a864 wp-block-group-is-layout-constrained\" style=\"padding-top:0px;padding-right:0px;padding-bottom:0px;padding-left:0px\">\n<div class=\"wp-block-columns are-vertically-aligned-center is-layout-flex wp-container-core-columns-is-layout-1edeec40 wp-block-columns-is-layout-flex\" style=\"padding-right:240px;padding-left:240px\">\n<div class=\"wp-block-column is-vertically-aligned-center is-layout-flow wp-block-column-is-layout-flow\" style=\"padding-top:0px;padding-right:0px;padding-bottom:0px;padding-left:0px;flex-basis:100%\">\n<figure class=\"wp-block-embed aligncenter is-type-video is-provider-youtube wp-block-embed-youtube wp-embed-aspect-4-3 wp-has-aspect-ratio\" style=\"margin-top:0px;margin-right:0px;margin-bottom:0px;margin-left:0px\"><div class=\"wp-block-embed__wrapper\">\n<iframe loading=\"lazy\" title=\"Theatre Camp 2025\" width=\"500\" height=\"375\" src=\"https:\/\/www.youtube.com\/embed\/crZRJEmD3IY?feature=oembed&#038;enablejsapi=1&#038;origin=https:\/\/bilingual.hu\" frameborder=\"0\" allow=\"accelerometer; autoplay; clipboard-write; encrypted-media; gyroscope; picture-in-picture; web-share\" referrerpolicy=\"strict-origin-when-cross-origin\" allowfullscreen><\/iframe>\n<\/div><\/figure>\n<\/div>\n<\/div>\n<\/div>\n\n\n\n<div class=\"wp-block-buttons is-content-justification-center is-layout-flex wp-container-core-buttons-is-layout-a89b3969 wp-block-buttons-is-layout-flex\">\n<div class=\"wp-block-button is-style-fill\"><a class=\"wp-block-button__link has-contrast-color has-secondary-background-color has-text-color has-background has-link-color wp-element-button\" href=\"https:\/\/r3.minicrm.hu\/Form-38040-01scq0q27e0k0794rkis1ws1pl44f2\">Registration &#8211; Theater Camp<\/a><\/div>\n<\/div>\n\n\n\n<div style=\"height:30px\" aria-hidden=\"true\" class=\"wp-block-spacer\"><\/div>\n\n\n\n<figure class=\"wp-block-image alignleft size-large is-resized is-style-rounded is-style-rounded--4\"><a href=\"https:\/\/r3.minicrm.hu\/Form-38040-1lszskdds01swmkihoee2cncwut58w\"><img loading=\"lazy\" decoding=\"async\" width=\"724\" height=\"1024\" src=\"https:\/\/bilingual.hu\/app\/uploads\/2025\/02\/Board-Games-and-Zoo-Camp-2025-poster-724x1024.png\" alt=\"\" class=\"wp-image-8531\" style=\"width:402px;height:auto\" srcset=\"https:\/\/bilingual.hu\/app\/uploads\/2025\/02\/Board-Games-and-Zoo-Camp-2025-poster-724x1024.png 724w, https:\/\/bilingual.hu\/app\/uploads\/2025\/02\/Board-Games-and-Zoo-Camp-2025-poster-212x300.png 212w, https:\/\/bilingual.hu\/app\/uploads\/2025\/02\/Board-Games-and-Zoo-Camp-2025-poster-768x1086.png 768w, https:\/\/bilingual.hu\/app\/uploads\/2025\/02\/Board-Games-and-Zoo-Camp-2025-poster-1086x1536.png 1086w, https:\/\/bilingual.hu\/app\/uploads\/2025\/02\/Board-Games-and-Zoo-Camp-2025-poster.png 1414w\" sizes=\"auto, (max-width: 724px) 100vw, 724px\" \/><\/a><\/figure>\n\n\n\n<p class=\"has-primary-color has-text-color has-link-color has-h-4-font-size wp-elements-7755ea805a443870c7471afffa6ece8c\"><strong>\ud83d\udc2f <em><mark style=\"background-color:rgba(0, 0, 0, 0)\" class=\"has-inline-color has-secondary-color\">Board Games and Zoo Camp<\/mark><\/em>\ud83c\udfb2<\/strong><\/p>\n\n\n\n<p><strong><mark style=\"background-color:rgba(0, 0, 0, 0)\" class=\"has-inline-color has-secondary-color\">FULL &#8211; YOU CAN SIGN UP FOR THE WAITING LIST<\/mark><\/strong><\/p>\n\n\n\n<p class=\"has-primary-color has-text-color has-link-color wp-elements-c28c48f4d1aeaf8dfe06c5c6ea6b40b5\"><strong>Date:<\/strong><strong> <\/strong>June 30 &#8211; July 4, 2025<\/p>\n\n\n\n<p><strong>Camp Leaders: <\/strong>Bianca Yunus and Amani Cooper<\/p>\n\n\n\n<p><strong>Location: <\/strong><a href=\"https:\/\/maps.app.goo.gl\/S1GYNrGb4hczUufT8\">Cultural Center of \u00d3buda<\/a><\/p>\n\n\n\n<p><strong>Age group: <\/strong>for students finishing 1st &#8211; 4th grade<\/p>\n\n\n\n<p class=\"has-primary-color has-text-color has-link-color wp-elements-173cf36d3cbe9e8699017b8ec9eee288\"><em>Join us for an unforgettable week of excitement and creativity at our Board Games and Zoo summer camp! We\u2019ll visit two incredible zoos and the amazing Tropicarium, getting up close with fascinating animals. Back at camp, we\u2019ll dive into hours of fun playing board games, making crafts, and other fun activities. A great mix of adventure, learning, and play awaits!<\/em><\/p>\n\n\n\n<p class=\"has-primary-color has-text-color has-link-color wp-elements-f53d0f2000e7e509d3e7c91eff2b425b\"><\/p>\n\n\n\n<div style=\"height:31px\" aria-hidden=\"true\" class=\"wp-block-spacer\"><\/div>\n\n\n\n<div class=\"wp-block-group alignwide has-global-padding is-layout-constrained wp-block-group-is-layout-constrained\">\n<div class=\"wp-block-columns alignwide is-layout-flex wp-container-core-columns-is-layout-f1681ba7 wp-block-columns-is-layout-flex\" style=\"border-style:none;border-width:0px;border-radius:0px;padding-top:0px;padding-right:233px;padding-bottom:0px;padding-left:233px\">\n<div class=\"wp-block-column is-layout-flow wp-block-column-is-layout-flow\" style=\"padding-top:0px;padding-right:3px;padding-bottom:0px;padding-left:3px;flex-basis:500%\">\n<figure class=\"wp-block-embed is-type-video is-provider-youtube wp-block-embed-youtube wp-embed-aspect-16-9 wp-has-aspect-ratio\"><div class=\"wp-block-embed__wrapper\">\n<iframe loading=\"lazy\" title=\"Zoo and Boardgame Camp 2025\" width=\"500\" height=\"281\" src=\"https:\/\/www.youtube.com\/embed\/TrBRJE0eRAA?feature=oembed&#038;enablejsapi=1&#038;origin=https:\/\/bilingual.hu\" frameborder=\"0\" allow=\"accelerometer; autoplay; clipboard-write; encrypted-media; gyroscope; picture-in-picture; web-share\" referrerpolicy=\"strict-origin-when-cross-origin\" allowfullscreen><\/iframe>\n<\/div><\/figure>\n<\/div>\n<\/div>\n\n\n\n<p class=\"has-text-align-center\"><strong><mark style=\"background-color:rgba(0, 0, 0, 0)\" class=\"has-inline-color has-secondary-color\">FULL &#8211; YOU CAN SIGN UP FOR THE WAITING LIST<\/mark><\/strong><\/p>\n<\/div>\n\n\n\n<div class=\"wp-block-buttons is-content-justification-center is-layout-flex wp-container-core-buttons-is-layout-a89b3969 wp-block-buttons-is-layout-flex\">\n<div class=\"wp-block-button is-style-fill\"><a class=\"wp-block-button__link has-contrast-color has-secondary-background-color has-text-color has-background has-link-color wp-element-button\" href=\"https:\/\/r3.minicrm.hu\/Form-38040-1lszskdds01swmkihoee2cncwut58w\">Registration &#8211; Board Games &amp; Zoo<\/a><\/div>\n<\/div>\n\n\n\n<div style=\"height:39px\" aria-hidden=\"true\" class=\"wp-block-spacer\"><\/div>\n\n\n\n<figure class=\"wp-block-image alignleft size-large is-resized is-style-rounded is-style-rounded--5\"><a href=\"https:\/\/r3.minicrm.hu\/Form-38040-0no5wbnqm92geaxufp8w271j5ufv6k\"><img loading=\"lazy\" decoding=\"async\" width=\"724\" height=\"1024\" src=\"https:\/\/bilingual.hu\/app\/uploads\/2025\/02\/Bilingual-adventure-camp-2025-poster-724x1024.png\" alt=\"\" class=\"wp-image-8543\" style=\"width:455px;height:auto\" srcset=\"https:\/\/bilingual.hu\/app\/uploads\/2025\/02\/Bilingual-adventure-camp-2025-poster-724x1024.png 724w, https:\/\/bilingual.hu\/app\/uploads\/2025\/02\/Bilingual-adventure-camp-2025-poster-212x300.png 212w, https:\/\/bilingual.hu\/app\/uploads\/2025\/02\/Bilingual-adventure-camp-2025-poster-768x1086.png 768w, https:\/\/bilingual.hu\/app\/uploads\/2025\/02\/Bilingual-adventure-camp-2025-poster-1086x1536.png 1086w, https:\/\/bilingual.hu\/app\/uploads\/2025\/02\/Bilingual-adventure-camp-2025-poster.png 1414w\" sizes=\"auto, (max-width: 724px) 100vw, 724px\" \/><\/a><\/figure>\n\n\n\n<p class=\"has-h-4-font-size\"><strong>\ud83c\udfc6<em><mark style=\"background-color:rgba(0, 0, 0, 0)\" class=\"has-inline-color has-secondary-color\">Bilingual Adventure Camp<\/mark><\/em>\ud83e\uddd7<\/strong><\/p>\n\n\n\n<p><strong><mark style=\"background-color:rgba(0, 0, 0, 0)\" class=\"has-inline-color has-secondary-color\">FULL &#8211; YOU CAN SIGN UP FOR THE WAITING LIST<\/mark><\/strong><\/p>\n\n\n\n<p class=\"has-primary-color has-text-color has-link-color wp-elements-4299f13d861c7839ce5540a44f3a8942\"><strong>Date:<\/strong><strong> <\/strong>July 7 &#8211; 11, 2025<\/p>\n\n\n\n<p><strong>Camp Leaders:<\/strong> Luke Jones and Daniel Marples<\/p>\n\n\n\n<p><strong>Location: <\/strong><a href=\"https:\/\/maps.app.goo.gl\/2Wni5rGsBq9pR9Jz9\">Megyeri \u00dati Primary School<\/a><\/p>\n\n\n\n<p><strong>Age group: <\/strong>for students finishing 1st &#8211; 6th grade<\/p>\n\n\n\n<p class=\"has-primary-color has-text-color has-link-color wp-elements-5b4db017d15e6e314da622d9f63c5792\"><em>Join us at the Bilingual Adventure Camp and create lasting memories this summer packed with fun, games, and excitement! Our camp offers a unique blend of activities, sports, and adventure for kids of all ages. From baseball and boulder to nature walks, arts and crafts, there&#8217;s something for everyone at our camp. Embark on an adventure with us where you can test your skills as part of a team and make new friends, while improving your English too!<\/em><\/p>\n\n\n\n<div style=\"height:39px\" aria-hidden=\"true\" class=\"wp-block-spacer\"><\/div>\n\n\n\n<div class=\"wp-block-group has-global-padding is-layout-constrained wp-container-core-group-is-layout-7fe63b26 wp-block-group-is-layout-constrained\" style=\"padding-right:71px;padding-left:71px\">\n<div class=\"wp-block-columns is-layout-flex wp-container-core-columns-is-layout-181ff0d8 wp-block-columns-is-layout-flex\" style=\"padding-right:121px;padding-left:121px\">\n<div class=\"wp-block-column is-layout-flow wp-block-column-is-layout-flow\" style=\"flex-basis:100%\">\n<figure class=\"wp-block-embed is-type-video is-provider-youtube wp-block-embed-youtube wp-embed-aspect-16-9 wp-has-aspect-ratio\"><div class=\"wp-block-embed__wrapper\">\n<iframe loading=\"lazy\" title=\"Bilingual Adventure Camp 2025\" width=\"500\" height=\"281\" src=\"https:\/\/www.youtube.com\/embed\/NRCfBqRgp98?feature=oembed&#038;enablejsapi=1&#038;origin=https:\/\/bilingual.hu\" frameborder=\"0\" allow=\"accelerometer; autoplay; clipboard-write; encrypted-media; gyroscope; picture-in-picture; web-share\" referrerpolicy=\"strict-origin-when-cross-origin\" allowfullscreen><\/iframe>\n<\/div><\/figure>\n<\/div>\n<\/div>\n\n\n\n<p class=\"has-text-align-center\"><strong><mark style=\"background-color:rgba(0, 0, 0, 0)\" class=\"has-inline-color has-secondary-color\">FULL &#8211; YOU CAN SIGN UP FOR THE WAITING LIST<\/mark><\/strong><\/p>\n<\/div>\n\n\n\n<div class=\"wp-block-buttons is-content-justification-center is-layout-flex wp-container-core-buttons-is-layout-a89b3969 wp-block-buttons-is-layout-flex\">\n<div class=\"wp-block-button is-style-fill\"><a class=\"wp-block-button__link has-contrast-color has-secondary-background-color has-text-color has-background has-link-color wp-element-button\" href=\"https:\/\/r3.minicrm.hu\/Form-38040-0no5wbnqm92geaxufp8w271j5ufv6k\">Registration &#8211; Adventure Camp<\/a><\/div>\n<\/div>\n\n\n\n<div style=\"height:40px\" aria-hidden=\"true\" class=\"wp-block-spacer\"><\/div>\n\n\n\n<figure class=\"wp-block-image alignleft size-large is-resized is-style-rounded is-style-rounded--6\"><a href=\"https:\/\/r3.minicrm.hu\/Form-38040-10u2tw8oc813jaeopfej2k4ulv020j\"><img loading=\"lazy\" decoding=\"async\" width=\"724\" height=\"1024\" src=\"https:\/\/bilingual.hu\/app\/uploads\/2025\/02\/Science-Camp-2025-poster-724x1024.png\" alt=\"\" class=\"wp-image-8550\" style=\"width:443px;height:auto\" srcset=\"https:\/\/bilingual.hu\/app\/uploads\/2025\/02\/Science-Camp-2025-poster-724x1024.png 724w, https:\/\/bilingual.hu\/app\/uploads\/2025\/02\/Science-Camp-2025-poster-212x300.png 212w, https:\/\/bilingual.hu\/app\/uploads\/2025\/02\/Science-Camp-2025-poster-768x1086.png 768w, https:\/\/bilingual.hu\/app\/uploads\/2025\/02\/Science-Camp-2025-poster-1086x1536.png 1086w, https:\/\/bilingual.hu\/app\/uploads\/2025\/02\/Science-Camp-2025-poster.png 1414w\" sizes=\"auto, (max-width: 724px) 100vw, 724px\" \/><\/a><\/figure>\n\n\n\n<p class=\"has-secondary-color has-text-color has-link-color has-h-4-font-size wp-elements-04eb37b2c9bdd643f702794113107009\"><strong>\u2697\ufe0f\ud83d\udd2c <em>Science Camp <\/em>\ud83d\udd2c\u2697\ufe0f<\/strong><\/p>\n\n\n\n<p class=\"has-primary-color has-text-color has-link-color wp-elements-4299f13d861c7839ce5540a44f3a8942\"><strong>Date:<\/strong><strong> <\/strong>July 7 &#8211; 11, 2025<\/p>\n\n\n\n<p><strong>Camp Leaders:<\/strong> Jerrid Young and Adam Whitcroft<\/p>\n\n\n\n<p><strong>Location: <\/strong><a href=\"https:\/\/maps.app.goo.gl\/j8vquwyEpBCe4bPr8\">\u00d3budai Nagy L\u00e1szl\u00f3 Primary School (Z\u00e1por<\/a>)<\/p>\n\n\n\n<p><strong>Age group: <\/strong>for students finishing 1st &#8211; 8th grade<\/p>\n\n\n\n<p class=\"has-primary-color has-text-color has-link-color wp-elements-f82ad9fdf1b2c119f0313ec029e5f7bd\"><em>Join us for an exciting Science Summer Camp designed for curious minds in 3rd to 6th grade! Packed with hands-on experiments, outdoor adventures, and fascinating discoveries, this camp is perfect for kids who love to explore, create, and learn. Each day, campers will have lots of activities based on the wonders of the natural world. Guided by enthusiastic instructors and real scientists, campers will unlock the secrets of physics, biology, and environmental science\u2014all while making new friends and having a blast!<\/em><\/p>\n\n\n\n<div style=\"height:38px\" aria-hidden=\"true\" class=\"wp-block-spacer\"><\/div>\n\n\n\n<div class=\"wp-block-columns is-layout-flex wp-container-core-columns-is-layout-aca49bc1 wp-block-columns-is-layout-flex\" style=\"padding-right:233px;padding-left:233px\">\n<div class=\"wp-block-column is-layout-flow wp-block-column-is-layout-flow\" style=\"flex-basis:100%\">\n<figure class=\"wp-block-embed is-type-video is-provider-youtube wp-block-embed-youtube wp-embed-aspect-16-9 wp-has-aspect-ratio\"><div class=\"wp-block-embed__wrapper\">\n<iframe loading=\"lazy\" title=\"Science Camp 2025\" width=\"500\" height=\"281\" src=\"https:\/\/www.youtube.com\/embed\/6GTxb4UWSKg?feature=oembed&#038;enablejsapi=1&#038;origin=https:\/\/bilingual.hu\" frameborder=\"0\" allow=\"accelerometer; autoplay; clipboard-write; encrypted-media; gyroscope; picture-in-picture; web-share\" referrerpolicy=\"strict-origin-when-cross-origin\" allowfullscreen><\/iframe>\n<\/div><\/figure>\n<\/div>\n<\/div>\n\n\n\n<div class=\"wp-block-buttons is-content-justification-center is-layout-flex wp-container-core-buttons-is-layout-a89b3969 wp-block-buttons-is-layout-flex\">\n<div class=\"wp-block-button is-style-fill\"><a class=\"wp-block-button__link has-contrast-color has-secondary-background-color has-text-color has-background has-link-color wp-element-button\" href=\"https:\/\/r3.minicrm.hu\/Form-38040-10u2tw8oc813jaeopfej2k4ulv020j\">Registration &#8211; Science Camp<\/a><\/div>\n<\/div>\n\n\n\n<div style=\"height:54px\" aria-hidden=\"true\" class=\"wp-block-spacer\"><\/div>\n","protected":false},"excerpt":{"rendered":"<p>We are happy to announce our Bilingual Day Camps for this summer! Since the language of the camps is English, we recommend them for children who are learning English at\u200b a higher level or \u200bare enrolled \u200bin a bilingual class \u200bat\u200b school. Registration advantages apply to children studying in the Bilingual Program. Check-\u200bin is between [&hellip;]<\/p>\n","protected":false},"author":8,"featured_media":4662,"comment_status":"closed","ping_status":"closed","sticky":false,"template":"","format":"standard","meta":{"_acf_changed":false,"footnotes":""},"categories":[2],"tags":[],"class_list":["post-8481","post","type-post","status-publish","format-standard","has-post-thumbnail","hentry","category-uncategorized"],"acf":[],"yoast_head":"<!-- This site is optimized with the Yoast SEO plugin v26.0 - https:\/\/yoast.com\/wordpress\/plugins\/seo\/ -->\n<title>Bilingual Summer Day Camps 2025 - Bilingual<\/title>\n<meta name=\"robots\" content=\"index, follow, max-snippet:-1, max-image-preview:large, max-video-preview:-1\" \/>\n<link rel=\"canonical\" href=\"https:\/\/bilingual.hu\/en\/bilingual-english-summer-day-camps\/\" \/>\n<meta property=\"og:locale\" content=\"en_US\" \/>\n<meta property=\"og:type\" content=\"article\" \/>\n<meta property=\"og:title\" content=\"Bilingual Summer Day Camps 2025 - Bilingual\" \/>\n<meta property=\"og:description\" content=\"We are happy to announce our Bilingual Day Camps for this summer! Since the language of the camps is English, we recommend them for children who are learning English at\u200b a higher level or \u200bare enrolled \u200bin a bilingual class \u200bat\u200b school. Registration advantages apply to children studying in the Bilingual Program. Check-\u200bin is between [&hellip;]\" \/>\n<meta property=\"og:url\" content=\"https:\/\/bilingual.hu\/en\/bilingual-english-summer-day-camps\/\" \/>\n<meta property=\"og:site_name\" content=\"Bilingual\" \/>\n<meta property=\"article:publisher\" content=\"https:\/\/www.facebook.com\/bilingual.hu\" \/>\n<meta property=\"article:published_time\" content=\"2025-02-27T08:49:05+00:00\" \/>\n<meta property=\"article:modified_time\" content=\"2025-05-09T06:10:03+00:00\" \/>\n<meta property=\"og:image\" content=\"https:\/\/bilingual.hu\/app\/uploads\/2024\/08\/bilingual-angol-nyelvu-taborok-2024_0.jpg\" \/>\n\t<meta property=\"og:image:width\" content=\"870\" \/>\n\t<meta property=\"og:image:height\" content=\"428\" \/>\n\t<meta property=\"og:image:type\" content=\"image\/jpeg\" \/>\n<meta name=\"author\" content=\"Tihanyi Szabolcs\" \/>\n<meta name=\"twitter:card\" content=\"summary_large_image\" \/>\n<meta name=\"twitter:label1\" content=\"Written by\" \/>\n\t<meta name=\"twitter:data1\" content=\"Tihanyi Szabolcs\" \/>\n\t<meta name=\"twitter:label2\" content=\"Est. reading time\" \/>\n\t<meta name=\"twitter:data2\" content=\"8 minutes\" \/>\n<script type=\"application\/ld+json\" class=\"yoast-schema-graph\">{\"@context\":\"https:\/\/schema.org\",\"@graph\":[{\"@type\":\"Article\",\"@id\":\"https:\/\/bilingual.hu\/en\/bilingual-english-summer-day-camps\/#article\",\"isPartOf\":{\"@id\":\"https:\/\/bilingual.hu\/en\/bilingual-english-summer-day-camps\/\"},\"author\":{\"name\":\"Tihanyi Szabolcs\",\"@id\":\"https:\/\/bilingual.hu\/en\/#\/schema\/person\/986159d80cb9ddc3af1ba281e95d213c\"},\"headline\":\"Bilingual Summer Day Camps 2025\",\"datePublished\":\"2025-02-27T08:49:05+00:00\",\"dateModified\":\"2025-05-09T06:10:03+00:00\",\"mainEntityOfPage\":{\"@id\":\"https:\/\/bilingual.hu\/en\/bilingual-english-summer-day-camps\/\"},\"wordCount\":1233,\"publisher\":{\"@id\":\"https:\/\/bilingual.hu\/en\/#organization\"},\"image\":{\"@id\":\"https:\/\/bilingual.hu\/en\/bilingual-english-summer-day-camps\/#primaryimage\"},\"thumbnailUrl\":\"https:\/\/bilingual.hu\/app\/uploads\/2024\/08\/bilingual-angol-nyelvu-taborok-2024_0.jpg\",\"inLanguage\":\"en-US\"},{\"@type\":\"WebPage\",\"@id\":\"https:\/\/bilingual.hu\/en\/bilingual-english-summer-day-camps\/\",\"url\":\"https:\/\/bilingual.hu\/en\/bilingual-english-summer-day-camps\/\",\"name\":\"Bilingual Summer Day Camps 2025 - Bilingual\",\"isPartOf\":{\"@id\":\"https:\/\/bilingual.hu\/en\/#website\"},\"primaryImageOfPage\":{\"@id\":\"https:\/\/bilingual.hu\/en\/bilingual-english-summer-day-camps\/#primaryimage\"},\"image\":{\"@id\":\"https:\/\/bilingual.hu\/en\/bilingual-english-summer-day-camps\/#primaryimage\"},\"thumbnailUrl\":\"https:\/\/bilingual.hu\/app\/uploads\/2024\/08\/bilingual-angol-nyelvu-taborok-2024_0.jpg\",\"datePublished\":\"2025-02-27T08:49:05+00:00\",\"dateModified\":\"2025-05-09T06:10:03+00:00\",\"breadcrumb\":{\"@id\":\"https:\/\/bilingual.hu\/en\/bilingual-english-summer-day-camps\/#breadcrumb\"},\"inLanguage\":\"en-US\",\"potentialAction\":[{\"@type\":\"ReadAction\",\"target\":[\"https:\/\/bilingual.hu\/en\/bilingual-english-summer-day-camps\/\"]}]},{\"@type\":\"ImageObject\",\"inLanguage\":\"en-US\",\"@id\":\"https:\/\/bilingual.hu\/en\/bilingual-english-summer-day-camps\/#primaryimage\",\"url\":\"https:\/\/bilingual.hu\/app\/uploads\/2024\/08\/bilingual-angol-nyelvu-taborok-2024_0.jpg\",\"contentUrl\":\"https:\/\/bilingual.hu\/app\/uploads\/2024\/08\/bilingual-angol-nyelvu-taborok-2024_0.jpg\",\"width\":870,\"height\":428,\"caption\":\"bilingual angol nyelv\u0171 t\u00e1borok\"},{\"@type\":\"BreadcrumbList\",\"@id\":\"https:\/\/bilingual.hu\/en\/bilingual-english-summer-day-camps\/#breadcrumb\",\"itemListElement\":[{\"@type\":\"ListItem\",\"position\":1,\"name\":\"&nbsp;\",\"item\":\"https:\/\/bilingual.hu\/en\/\"},{\"@type\":\"ListItem\",\"position\":2,\"name\":\"Bilingual Summer Day Camps 2025\"}]},{\"@type\":\"WebSite\",\"@id\":\"https:\/\/bilingual.hu\/en\/#website\",\"url\":\"https:\/\/bilingual.hu\/en\/\",\"name\":\"Bilingual\",\"description\":\"A Bilingual Program egy intenz\u00edv k\u00e9tnyelv\u0171 k\u00e9pz\u00e9s.\",\"publisher\":{\"@id\":\"https:\/\/bilingual.hu\/en\/#organization\"},\"potentialAction\":[{\"@type\":\"SearchAction\",\"target\":{\"@type\":\"EntryPoint\",\"urlTemplate\":\"https:\/\/bilingual.hu\/en\/?s={search_term_string}\"},\"query-input\":{\"@type\":\"PropertyValueSpecification\",\"valueRequired\":true,\"valueName\":\"search_term_string\"}}],\"inLanguage\":\"en-US\"},{\"@type\":\"Organization\",\"@id\":\"https:\/\/bilingual.hu\/en\/#organization\",\"name\":\"Bilingual\",\"url\":\"https:\/\/bilingual.hu\/en\/\",\"logo\":{\"@type\":\"ImageObject\",\"inLanguage\":\"en-US\",\"@id\":\"https:\/\/bilingual.hu\/en\/#\/schema\/logo\/image\/\",\"url\":\"https:\/\/bilingual.hu\/app\/uploads\/2024\/08\/Property-1Variant2.svg\",\"contentUrl\":\"https:\/\/bilingual.hu\/app\/uploads\/2024\/08\/Property-1Variant2.svg\",\"caption\":\"Bilingual\"},\"image\":{\"@id\":\"https:\/\/bilingual.hu\/en\/#\/schema\/logo\/image\/\"},\"sameAs\":[\"https:\/\/www.facebook.com\/bilingual.hu\",\"https:\/\/www.instagram.com\/bilingual.hu\/\",\"https:\/\/www.youtube.com\/channel\/UCr0fdfvgn1CRi0YwFT5LwEg\/videos\"]},{\"@type\":\"Person\",\"@id\":\"https:\/\/bilingual.hu\/en\/#\/schema\/person\/986159d80cb9ddc3af1ba281e95d213c\",\"name\":\"Tihanyi Szabolcs\",\"image\":{\"@type\":\"ImageObject\",\"inLanguage\":\"en-US\",\"@id\":\"https:\/\/bilingual.hu\/en\/#\/schema\/person\/image\/\",\"url\":\"https:\/\/secure.gravatar.com\/avatar\/f83b0fcedbe799e59c24a092bfc2e64cde40c3e09348b197b8031d9de5e2112b?s=96&d=mm&r=g\",\"contentUrl\":\"https:\/\/secure.gravatar.com\/avatar\/f83b0fcedbe799e59c24a092bfc2e64cde40c3e09348b197b8031d9de5e2112b?s=96&d=mm&r=g\",\"caption\":\"Tihanyi Szabolcs\"}}]}<\/script>\n<!-- \/ Yoast SEO plugin. -->","yoast_head_json":{"title":"Bilingual Summer Day Camps 2025 - Bilingual","robots":{"index":"index","follow":"follow","max-snippet":"max-snippet:-1","max-image-preview":"max-image-preview:large","max-video-preview":"max-video-preview:-1"},"canonical":"https:\/\/bilingual.hu\/en\/bilingual-english-summer-day-camps\/","og_locale":"en_US","og_type":"article","og_title":"Bilingual Summer Day Camps 2025 - Bilingual","og_description":"We are happy to announce our Bilingual Day Camps for this summer! Since the language of the camps is English, we recommend them for children who are learning English at\u200b a higher level or \u200bare enrolled \u200bin a bilingual class \u200bat\u200b school. Registration advantages apply to children studying in the Bilingual Program. Check-\u200bin is between [&hellip;]","og_url":"https:\/\/bilingual.hu\/en\/bilingual-english-summer-day-camps\/","og_site_name":"Bilingual","article_publisher":"https:\/\/www.facebook.com\/bilingual.hu","article_published_time":"2025-02-27T08:49:05+00:00","article_modified_time":"2025-05-09T06:10:03+00:00","og_image":[{"width":870,"height":428,"url":"https:\/\/bilingual.hu\/app\/uploads\/2024\/08\/bilingual-angol-nyelvu-taborok-2024_0.jpg","type":"image\/jpeg"}],"author":"Tihanyi Szabolcs","twitter_card":"summary_large_image","twitter_misc":{"Written by":"Tihanyi Szabolcs","Est. reading time":"8 minutes"},"schema":{"@context":"https:\/\/schema.org","@graph":[{"@type":"Article","@id":"https:\/\/bilingual.hu\/en\/bilingual-english-summer-day-camps\/#article","isPartOf":{"@id":"https:\/\/bilingual.hu\/en\/bilingual-english-summer-day-camps\/"},"author":{"name":"Tihanyi Szabolcs","@id":"https:\/\/bilingual.hu\/en\/#\/schema\/person\/986159d80cb9ddc3af1ba281e95d213c"},"headline":"Bilingual Summer Day Camps 2025","datePublished":"2025-02-27T08:49:05+00:00","dateModified":"2025-05-09T06:10:03+00:00","mainEntityOfPage":{"@id":"https:\/\/bilingual.hu\/en\/bilingual-english-summer-day-camps\/"},"wordCount":1233,"publisher":{"@id":"https:\/\/bilingual.hu\/en\/#organization"},"image":{"@id":"https:\/\/bilingual.hu\/en\/bilingual-english-summer-day-camps\/#primaryimage"},"thumbnailUrl":"https:\/\/bilingual.hu\/app\/uploads\/2024\/08\/bilingual-angol-nyelvu-taborok-2024_0.jpg","inLanguage":"en-US"},{"@type":"WebPage","@id":"https:\/\/bilingual.hu\/en\/bilingual-english-summer-day-camps\/","url":"https:\/\/bilingual.hu\/en\/bilingual-english-summer-day-camps\/","name":"Bilingual Summer Day Camps 2025 - Bilingual","isPartOf":{"@id":"https:\/\/bilingual.hu\/en\/#website"},"primaryImageOfPage":{"@id":"https:\/\/bilingual.hu\/en\/bilingual-english-summer-day-camps\/#primaryimage"},"image":{"@id":"https:\/\/bilingual.hu\/en\/bilingual-english-summer-day-camps\/#primaryimage"},"thumbnailUrl":"https:\/\/bilingual.hu\/app\/uploads\/2024\/08\/bilingual-angol-nyelvu-taborok-2024_0.jpg","datePublished":"2025-02-27T08:49:05+00:00","dateModified":"2025-05-09T06:10:03+00:00","breadcrumb":{"@id":"https:\/\/bilingual.hu\/en\/bilingual-english-summer-day-camps\/#breadcrumb"},"inLanguage":"en-US","potentialAction":[{"@type":"ReadAction","target":["https:\/\/bilingual.hu\/en\/bilingual-english-summer-day-camps\/"]}]},{"@type":"ImageObject","inLanguage":"en-US","@id":"https:\/\/bilingual.hu\/en\/bilingual-english-summer-day-camps\/#primaryimage","url":"https:\/\/bilingual.hu\/app\/uploads\/2024\/08\/bilingual-angol-nyelvu-taborok-2024_0.jpg","contentUrl":"https:\/\/bilingual.hu\/app\/uploads\/2024\/08\/bilingual-angol-nyelvu-taborok-2024_0.jpg","width":870,"height":428,"caption":"bilingual angol nyelv\u0171 t\u00e1borok"},{"@type":"BreadcrumbList","@id":"https:\/\/bilingual.hu\/en\/bilingual-english-summer-day-camps\/#breadcrumb","itemListElement":[{"@type":"ListItem","position":1,"name":"&nbsp;","item":"https:\/\/bilingual.hu\/en\/"},{"@type":"ListItem","position":2,"name":"Bilingual Summer Day Camps 2025"}]},{"@type":"WebSite","@id":"https:\/\/bilingual.hu\/en\/#website","url":"https:\/\/bilingual.hu\/en\/","name":"Bilingual","description":"A Bilingual Program egy intenz\u00edv k\u00e9tnyelv\u0171 k\u00e9pz\u00e9s.","publisher":{"@id":"https:\/\/bilingual.hu\/en\/#organization"},"potentialAction":[{"@type":"SearchAction","target":{"@type":"EntryPoint","urlTemplate":"https:\/\/bilingual.hu\/en\/?s={search_term_string}"},"query-input":{"@type":"PropertyValueSpecification","valueRequired":true,"valueName":"search_term_string"}}],"inLanguage":"en-US"},{"@type":"Organization","@id":"https:\/\/bilingual.hu\/en\/#organization","name":"Bilingual","url":"https:\/\/bilingual.hu\/en\/","logo":{"@type":"ImageObject","inLanguage":"en-US","@id":"https:\/\/bilingual.hu\/en\/#\/schema\/logo\/image\/","url":"https:\/\/bilingual.hu\/app\/uploads\/2024\/08\/Property-1Variant2.svg","contentUrl":"https:\/\/bilingual.hu\/app\/uploads\/2024\/08\/Property-1Variant2.svg","caption":"Bilingual"},"image":{"@id":"https:\/\/bilingual.hu\/en\/#\/schema\/logo\/image\/"},"sameAs":["https:\/\/www.facebook.com\/bilingual.hu","https:\/\/www.instagram.com\/bilingual.hu\/","https:\/\/www.youtube.com\/channel\/UCr0fdfvgn1CRi0YwFT5LwEg\/videos"]},{"@type":"Person","@id":"https:\/\/bilingual.hu\/en\/#\/schema\/person\/986159d80cb9ddc3af1ba281e95d213c","name":"Tihanyi Szabolcs","image":{"@type":"ImageObject","inLanguage":"en-US","@id":"https:\/\/bilingual.hu\/en\/#\/schema\/person\/image\/","url":"https:\/\/secure.gravatar.com\/avatar\/f83b0fcedbe799e59c24a092bfc2e64cde40c3e09348b197b8031d9de5e2112b?s=96&d=mm&r=g","contentUrl":"https:\/\/secure.gravatar.com\/avatar\/f83b0fcedbe799e59c24a092bfc2e64cde40c3e09348b197b8031d9de5e2112b?s=96&d=mm&r=g","caption":"Tihanyi Szabolcs"}}]}},"_links":{"self":[{"href":"https:\/\/bilingual.hu\/en\/wp-json\/wp\/v2\/posts\/8481","targetHints":{"allow":["GET"]}}],"collection":[{"href":"https:\/\/bilingual.hu\/en\/wp-json\/wp\/v2\/posts"}],"about":[{"href":"https:\/\/bilingual.hu\/en\/wp-json\/wp\/v2\/types\/post"}],"author":[{"embeddable":true,"href":"https:\/\/bilingual.hu\/en\/wp-json\/wp\/v2\/users\/8"}],"replies":[{"embeddable":true,"href":"https:\/\/bilingual.hu\/en\/wp-json\/wp\/v2\/comments?post=8481"}],"version-history":[{"count":67,"href":"https:\/\/bilingual.hu\/en\/wp-json\/wp\/v2\/posts\/8481\/revisions"}],"predecessor-version":[{"id":8844,"href":"https:\/\/bilingual.hu\/en\/wp-json\/wp\/v2\/posts\/8481\/revisions\/8844"}],"wp:featuredmedia":[{"embeddable":true,"href":"https:\/\/bilingual.hu\/en\/wp-json\/wp\/v2\/media\/4662"}],"wp:attachment":[{"href":"https:\/\/bilingual.hu\/en\/wp-json\/wp\/v2\/media?parent=8481"}],"wp:term":[{"taxonomy":"category","embeddable":true,"href":"https:\/\/bilingual.hu\/en\/wp-json\/wp\/v2\/categories?post=8481"},{"taxonomy":"post_tag","embeddable":true,"href":"https:\/\/bilingual.hu\/en\/wp-json\/wp\/v2\/tags?post=8481"}],"curies":[{"name":"wp","href":"https:\/\/api.w.org\/{rel}","templated":true}]}}