{"id":7150,"date":"2024-09-24T15:54:35","date_gmt":"2024-09-24T13:54:35","guid":{"rendered":"https:\/\/bilingual.hu\/?p=7150"},"modified":"2025-02-10T10:20:29","modified_gmt":"2025-02-10T09:20:29","slug":"bilingual-family-day-2024-thank-you","status":"publish","type":"post","link":"https:\/\/bilingual.hu\/en\/bilingual-family-day-2024-thank-you\/","title":{"rendered":"Bilingual Family Day 2024 \u2013 thank you"},"content":{"rendered":"\n<figure class=\"wp-block-image size-large\"><img loading=\"lazy\" decoding=\"async\" width=\"1024\" height=\"384\" src=\"https:\/\/bilingual.hu\/app\/uploads\/2024\/09\/FamilyDay2024_Molino_RGB_kicsi-1024x384.jpg\" alt=\"\" class=\"wp-image-6808\" srcset=\"https:\/\/bilingual.hu\/app\/uploads\/2024\/09\/FamilyDay2024_Molino_RGB_kicsi-1024x384.jpg 1024w, https:\/\/bilingual.hu\/app\/uploads\/2024\/09\/FamilyDay2024_Molino_RGB_kicsi-300x113.jpg 300w, https:\/\/bilingual.hu\/app\/uploads\/2024\/09\/FamilyDay2024_Molino_RGB_kicsi-768x288.jpg 768w, https:\/\/bilingual.hu\/app\/uploads\/2024\/09\/FamilyDay2024_Molino_RGB_kicsi-1536x576.jpg 1536w, https:\/\/bilingual.hu\/app\/uploads\/2024\/09\/FamilyDay2024_Molino_RGB_kicsi-2048x768.jpg 2048w\" sizes=\"auto, (max-width: 1024px) 100vw, 1024px\" \/><\/figure>\n\n\n\n<figure class=\"wp-block-image size-full\"><img loading=\"lazy\" decoding=\"async\" width=\"45\" height=\"45\" src=\"https:\/\/bilingual.hu\/app\/uploads\/2024\/09\/image-19.png\" alt=\"\" class=\"wp-image-7151\"\/><\/figure>\n\n\n\n<p>Cold and windy weather woke us on September 14, 2024, but it could not stop those approximately<strong><mark style=\"background-color:rgba(0, 0, 0, 0)\" class=\"has-inline-color has-secondary-color\">650 participants<\/mark><\/strong> whom we welcomed at Kr\u00fady school, the rainy-day venue of <strong>Bilingual Family Day<\/strong>! The atmosphere was cheerful for the children and their family members, as you can see in the slide-show below, and time passed in the blink of an eye for the staff of the Bilingual Program as well.<\/p>\n\n\n\n<figure class=\"wp-block-image size-full\"><img loading=\"lazy\" decoding=\"async\" width=\"28\" height=\"28\" src=\"https:\/\/bilingual.hu\/app\/uploads\/2024\/09\/image-20.png\" alt=\"\" class=\"wp-image-7153\"\/><\/figure>\n\n\n\n<p>The <strong>Bilingual Olympics <\/strong>opened with the lighting of the torch.<\/p>\n\n\n\n<figure class=\"wp-block-image size-full\"><img loading=\"lazy\" decoding=\"async\" width=\"38\" height=\"38\" src=\"https:\/\/bilingual.hu\/app\/uploads\/2024\/09\/image-21.png\" alt=\"\" class=\"wp-image-7155\"\/><\/figure>\n\n\n\n<p>The results of the <strong>Bilingual Book Storytelling Project and Competition<\/strong> were announced at the Grand Book Ceremony. Each child whose work was selected to go into the<strong><mark style=\"background-color:rgba(0, 0, 0, 0)\" class=\"has-inline-color has-secondary-color\">Bilingual Book<\/mark><\/strong> received a copy of the<strong><mark style=\"background-color:rgba(0, 0, 0, 0)\" class=\"has-inline-color has-secondary-color\">scrapbook<\/mark><\/strong> containing a lot of playful tasks and their certificate.<\/p>\n\n\n\n<figure class=\"wp-block-image size-full\"><img loading=\"lazy\" decoding=\"async\" width=\"39\" height=\"39\" src=\"https:\/\/bilingual.hu\/app\/uploads\/2024\/09\/image-22.png\" alt=\"\" class=\"wp-image-7157\"\/><\/figure>\n\n\n\n<p>The<strong><mark style=\"background-color:rgba(0, 0, 0, 0)\" class=\"has-inline-color has-blue-gray-color\">Bilingual Book<\/mark><\/strong> will be available<strong><mark style=\"background-color:rgba(0, 0, 0, 0)\" class=\"has-inline-color has-blue-gray-color\">to order<\/mark><\/strong> soon, we will write about it in a separate email!<\/p>\n\n\n\n<figure class=\"wp-block-image size-full\"><img loading=\"lazy\" decoding=\"async\" width=\"48\" height=\"48\" src=\"https:\/\/bilingual.hu\/app\/uploads\/2024\/09\/image-23.png\" alt=\"\" class=\"wp-image-7159\"\/><\/figure>\n\n\n\n<p>On the day of the event, last year\u2019s 8th graders, who have since graduated, and current 10th graders from Eur\u00f3pa 2000 High School received their official Cambridge Exam certificate from their proud, former native English-speaking teachers as part of the<mark style=\"background-color:rgba(0, 0, 0, 0)\" class=\"has-inline-color has-secondary-color\"><strong>Cambridge Certificate Ceremony<\/strong>.<\/mark><\/p>\n\n\n\n<figure class=\"wp-block-image size-full\"><img loading=\"lazy\" decoding=\"async\" width=\"34\" height=\"34\" src=\"https:\/\/bilingual.hu\/app\/uploads\/2024\/09\/image-24.png\" alt=\"\" class=\"wp-image-7161\"\/><\/figure>\n\n\n\n<p>While the children were playing, their parents could gain hands-on experience in 3 interactive info sessions at the <strong>Parents\u2019 Academy <\/strong>station with what happens to their children in the Bilingual classroom; they could find out why it is worth staying in the Bilingual Program until the end of the 8th grade of primary school and how our teachers help our high school students in choosing a career and preparing them for university admission.<\/p>\n\n\n\n<figure class=\"wp-block-image size-full\"><img loading=\"lazy\" decoding=\"async\" width=\"27\" height=\"27\" src=\"https:\/\/bilingual.hu\/app\/uploads\/2024\/09\/image-25.png\" alt=\"\" class=\"wp-image-7163\"\/><\/figure>\n\n\n\n<p>The Bilingual Program teachers engaged the children in various sports and <strong>arts and crafts games<\/strong> at<strong><mark style=\"background-color:rgba(0, 0, 0, 0)\" class=\"has-inline-color has-secondary-color\">14 stations<\/mark><\/strong> on the <strong>7 islands<\/strong> of the native English-speaking countries of the<strong><mark style=\"background-color:rgba(0, 0, 0, 0)\" class=\"has-inline-color has-secondary-color\">Bilingual Olympics.<\/mark><\/strong>The children collected stamps for completing tasks, which they later exchanged for a gift. <\/p>\n\n\n\n<p>Here is the slide-show of the event:<\/p>\n\n\n\n<figure class=\"wp-block-embed is-type-video is-provider-youtube wp-block-embed-youtube wp-embed-aspect-16-9 wp-has-aspect-ratio\"><div class=\"wp-block-embed__wrapper\">\n<iframe loading=\"lazy\" title=\"Family Day 2024 - slideshow\" width=\"500\" height=\"281\" src=\"https:\/\/www.youtube.com\/embed\/eyxFf--gVik?feature=oembed\" frameborder=\"0\" allow=\"accelerometer; autoplay; clipboard-write; encrypted-media; gyroscope; picture-in-picture; web-share\" referrerpolicy=\"strict-origin-when-cross-origin\" allowfullscreen><\/iframe>\n<\/div><\/figure>\n\n\n\n<figure class=\"wp-block-image size-full\"><img loading=\"lazy\" decoding=\"async\" width=\"36\" height=\"36\" src=\"https:\/\/bilingual.hu\/app\/uploads\/2024\/09\/image-26.png\" alt=\"\" class=\"wp-image-7165\"\/><\/figure>\n\n\n\n<p>We would like to express our gratitude to the participants: children, parents, and teachers, for joining us on this joyful Saturday morning despite the unpleasant weather! Special thanks to the School Administration and staff of Kr\u00fady Gyula Primary School for providing an excellent venue and offering their support!<\/p>\n\n\n\n<figure class=\"wp-block-image size-full\"><img loading=\"lazy\" decoding=\"async\" width=\"38\" height=\"38\" src=\"https:\/\/bilingual.hu\/app\/uploads\/2024\/09\/image-27.png\" alt=\"\" class=\"wp-image-7167\"\/><\/figure>\n\n\n\n<p>We look forward to welcoming everyone in September 2025!<\/p>\n\n\n\n<p><\/p>\n","protected":false},"excerpt":{"rendered":"<p>Cold and windy weather woke us on September 14, 2024, but it could not stop those approximately650 participants whom we welcomed at Kr\u00fady school, the rainy-day venue of Bilingual Family Day! The atmosphere was cheerful for the children and their family members, as you can see in the slide-show below, and time passed in the [&hellip;]<\/p>\n","protected":false},"author":8,"featured_media":6808,"comment_status":"closed","ping_status":"closed","sticky":false,"template":"","format":"standard","meta":{"_acf_changed":false,"footnotes":""},"categories":[2],"tags":[],"class_list":["post-7150","post","type-post","status-publish","format-standard","has-post-thumbnail","hentry","category-uncategorized"],"acf":[],"yoast_head":"<!-- This site is optimized with the Yoast SEO plugin v26.0 - https:\/\/yoast.com\/wordpress\/plugins\/seo\/ -->\n<title>Bilingual Family Day 2024 \u2013 thank you - Bilingual<\/title>\n<meta name=\"robots\" content=\"index, follow, max-snippet:-1, max-image-preview:large, max-video-preview:-1\" \/>\n<link rel=\"canonical\" href=\"https:\/\/bilingual.hu\/en\/bilingual-family-day-2024-thank-you\/\" \/>\n<meta property=\"og:locale\" content=\"en_US\" \/>\n<meta property=\"og:type\" content=\"article\" \/>\n<meta property=\"og:title\" content=\"Bilingual Family Day 2024 \u2013 thank you - Bilingual\" \/>\n<meta property=\"og:description\" content=\"Cold and windy weather woke us on September 14, 2024, but it could not stop those approximately650 participants whom we welcomed at Kr\u00fady school, the rainy-day venue of Bilingual Family Day! The atmosphere was cheerful for the children and their family members, as you can see in the slide-show below, and time passed in the [&hellip;]\" \/>\n<meta property=\"og:url\" content=\"https:\/\/bilingual.hu\/en\/bilingual-family-day-2024-thank-you\/\" \/>\n<meta property=\"og:site_name\" content=\"Bilingual\" \/>\n<meta property=\"article:publisher\" content=\"https:\/\/www.facebook.com\/bilingual.hu\" \/>\n<meta property=\"article:published_time\" content=\"2024-09-24T13:54:35+00:00\" \/>\n<meta property=\"article:modified_time\" content=\"2025-02-10T09:20:29+00:00\" \/>\n<meta property=\"og:image\" content=\"https:\/\/bilingual.hu\/app\/uploads\/2024\/09\/FamilyDay2024_Molino_RGB_kicsi-scaled.jpg\" \/>\n\t<meta property=\"og:image:width\" content=\"2560\" \/>\n\t<meta property=\"og:image:height\" content=\"960\" \/>\n\t<meta property=\"og:image:type\" content=\"image\/jpeg\" \/>\n<meta name=\"author\" content=\"Tihanyi Szabolcs\" \/>\n<meta name=\"twitter:card\" content=\"summary_large_image\" \/>\n<meta name=\"twitter:label1\" content=\"Written by\" \/>\n\t<meta name=\"twitter:data1\" content=\"Tihanyi Szabolcs\" \/>\n\t<meta name=\"twitter:label2\" content=\"Est. reading time\" \/>\n\t<meta name=\"twitter:data2\" content=\"5 minutes\" \/>\n<script type=\"application\/ld+json\" class=\"yoast-schema-graph\">{\"@context\":\"https:\/\/schema.org\",\"@graph\":[{\"@type\":\"Article\",\"@id\":\"https:\/\/bilingual.hu\/en\/bilingual-family-day-2024-thank-you\/#article\",\"isPartOf\":{\"@id\":\"https:\/\/bilingual.hu\/en\/bilingual-family-day-2024-thank-you\/\"},\"author\":{\"name\":\"Tihanyi Szabolcs\",\"@id\":\"https:\/\/bilingual.hu\/en\/#\/schema\/person\/986159d80cb9ddc3af1ba281e95d213c\"},\"headline\":\"Bilingual Family Day 2024 \u2013 thank you\",\"datePublished\":\"2024-09-24T13:54:35+00:00\",\"dateModified\":\"2025-02-10T09:20:29+00:00\",\"mainEntityOfPage\":{\"@id\":\"https:\/\/bilingual.hu\/en\/bilingual-family-day-2024-thank-you\/\"},\"wordCount\":371,\"publisher\":{\"@id\":\"https:\/\/bilingual.hu\/en\/#organization\"},\"image\":{\"@id\":\"https:\/\/bilingual.hu\/en\/bilingual-family-day-2024-thank-you\/#primaryimage\"},\"thumbnailUrl\":\"https:\/\/bilingual.hu\/app\/uploads\/2024\/09\/FamilyDay2024_Molino_RGB_kicsi-scaled.jpg\",\"inLanguage\":\"en-US\"},{\"@type\":\"WebPage\",\"@id\":\"https:\/\/bilingual.hu\/en\/bilingual-family-day-2024-thank-you\/\",\"url\":\"https:\/\/bilingual.hu\/en\/bilingual-family-day-2024-thank-you\/\",\"name\":\"Bilingual Family Day 2024 \u2013 thank you - Bilingual\",\"isPartOf\":{\"@id\":\"https:\/\/bilingual.hu\/en\/#website\"},\"primaryImageOfPage\":{\"@id\":\"https:\/\/bilingual.hu\/en\/bilingual-family-day-2024-thank-you\/#primaryimage\"},\"image\":{\"@id\":\"https:\/\/bilingual.hu\/en\/bilingual-family-day-2024-thank-you\/#primaryimage\"},\"thumbnailUrl\":\"https:\/\/bilingual.hu\/app\/uploads\/2024\/09\/FamilyDay2024_Molino_RGB_kicsi-scaled.jpg\",\"datePublished\":\"2024-09-24T13:54:35+00:00\",\"dateModified\":\"2025-02-10T09:20:29+00:00\",\"breadcrumb\":{\"@id\":\"https:\/\/bilingual.hu\/en\/bilingual-family-day-2024-thank-you\/#breadcrumb\"},\"inLanguage\":\"en-US\",\"potentialAction\":[{\"@type\":\"ReadAction\",\"target\":[\"https:\/\/bilingual.hu\/en\/bilingual-family-day-2024-thank-you\/\"]}]},{\"@type\":\"ImageObject\",\"inLanguage\":\"en-US\",\"@id\":\"https:\/\/bilingual.hu\/en\/bilingual-family-day-2024-thank-you\/#primaryimage\",\"url\":\"https:\/\/bilingual.hu\/app\/uploads\/2024\/09\/FamilyDay2024_Molino_RGB_kicsi-scaled.jpg\",\"contentUrl\":\"https:\/\/bilingual.hu\/app\/uploads\/2024\/09\/FamilyDay2024_Molino_RGB_kicsi-scaled.jpg\",\"width\":2560,\"height\":960},{\"@type\":\"BreadcrumbList\",\"@id\":\"https:\/\/bilingual.hu\/en\/bilingual-family-day-2024-thank-you\/#breadcrumb\",\"itemListElement\":[{\"@type\":\"ListItem\",\"position\":1,\"name\":\"&nbsp;\",\"item\":\"https:\/\/bilingual.hu\/en\/\"},{\"@type\":\"ListItem\",\"position\":2,\"name\":\"Bilingual Family Day 2024 \u2013 thank you\"}]},{\"@type\":\"WebSite\",\"@id\":\"https:\/\/bilingual.hu\/en\/#website\",\"url\":\"https:\/\/bilingual.hu\/en\/\",\"name\":\"Bilingual\",\"description\":\"A Bilingual Program egy intenz\u00edv k\u00e9tnyelv\u0171 k\u00e9pz\u00e9s.\",\"publisher\":{\"@id\":\"https:\/\/bilingual.hu\/en\/#organization\"},\"potentialAction\":[{\"@type\":\"SearchAction\",\"target\":{\"@type\":\"EntryPoint\",\"urlTemplate\":\"https:\/\/bilingual.hu\/en\/?s={search_term_string}\"},\"query-input\":{\"@type\":\"PropertyValueSpecification\",\"valueRequired\":true,\"valueName\":\"search_term_string\"}}],\"inLanguage\":\"en-US\"},{\"@type\":\"Organization\",\"@id\":\"https:\/\/bilingual.hu\/en\/#organization\",\"name\":\"Bilingual\",\"url\":\"https:\/\/bilingual.hu\/en\/\",\"logo\":{\"@type\":\"ImageObject\",\"inLanguage\":\"en-US\",\"@id\":\"https:\/\/bilingual.hu\/en\/#\/schema\/logo\/image\/\",\"url\":\"https:\/\/bilingual.hu\/app\/uploads\/2024\/08\/Property-1Variant2.svg\",\"contentUrl\":\"https:\/\/bilingual.hu\/app\/uploads\/2024\/08\/Property-1Variant2.svg\",\"caption\":\"Bilingual\"},\"image\":{\"@id\":\"https:\/\/bilingual.hu\/en\/#\/schema\/logo\/image\/\"},\"sameAs\":[\"https:\/\/www.facebook.com\/bilingual.hu\",\"https:\/\/www.instagram.com\/bilingual.hu\/\",\"https:\/\/www.youtube.com\/channel\/UCr0fdfvgn1CRi0YwFT5LwEg\/videos\"]},{\"@type\":\"Person\",\"@id\":\"https:\/\/bilingual.hu\/en\/#\/schema\/person\/986159d80cb9ddc3af1ba281e95d213c\",\"name\":\"Tihanyi Szabolcs\",\"image\":{\"@type\":\"ImageObject\",\"inLanguage\":\"en-US\",\"@id\":\"https:\/\/bilingual.hu\/en\/#\/schema\/person\/image\/\",\"url\":\"https:\/\/secure.gravatar.com\/avatar\/f83b0fcedbe799e59c24a092bfc2e64cde40c3e09348b197b8031d9de5e2112b?s=96&d=mm&r=g\",\"contentUrl\":\"https:\/\/secure.gravatar.com\/avatar\/f83b0fcedbe799e59c24a092bfc2e64cde40c3e09348b197b8031d9de5e2112b?s=96&d=mm&r=g\",\"caption\":\"Tihanyi Szabolcs\"}}]}<\/script>\n<!-- \/ Yoast SEO plugin. -->","yoast_head_json":{"title":"Bilingual Family Day 2024 \u2013 thank you - Bilingual","robots":{"index":"index","follow":"follow","max-snippet":"max-snippet:-1","max-image-preview":"max-image-preview:large","max-video-preview":"max-video-preview:-1"},"canonical":"https:\/\/bilingual.hu\/en\/bilingual-family-day-2024-thank-you\/","og_locale":"en_US","og_type":"article","og_title":"Bilingual Family Day 2024 \u2013 thank you - Bilingual","og_description":"Cold and windy weather woke us on September 14, 2024, but it could not stop those approximately650 participants whom we welcomed at Kr\u00fady school, the rainy-day venue of Bilingual Family Day! The atmosphere was cheerful for the children and their family members, as you can see in the slide-show below, and time passed in the [&hellip;]","og_url":"https:\/\/bilingual.hu\/en\/bilingual-family-day-2024-thank-you\/","og_site_name":"Bilingual","article_publisher":"https:\/\/www.facebook.com\/bilingual.hu","article_published_time":"2024-09-24T13:54:35+00:00","article_modified_time":"2025-02-10T09:20:29+00:00","og_image":[{"width":2560,"height":960,"url":"https:\/\/bilingual.hu\/app\/uploads\/2024\/09\/FamilyDay2024_Molino_RGB_kicsi-scaled.jpg","type":"image\/jpeg"}],"author":"Tihanyi Szabolcs","twitter_card":"summary_large_image","twitter_misc":{"Written by":"Tihanyi Szabolcs","Est. reading time":"5 minutes"},"schema":{"@context":"https:\/\/schema.org","@graph":[{"@type":"Article","@id":"https:\/\/bilingual.hu\/en\/bilingual-family-day-2024-thank-you\/#article","isPartOf":{"@id":"https:\/\/bilingual.hu\/en\/bilingual-family-day-2024-thank-you\/"},"author":{"name":"Tihanyi Szabolcs","@id":"https:\/\/bilingual.hu\/en\/#\/schema\/person\/986159d80cb9ddc3af1ba281e95d213c"},"headline":"Bilingual Family Day 2024 \u2013 thank you","datePublished":"2024-09-24T13:54:35+00:00","dateModified":"2025-02-10T09:20:29+00:00","mainEntityOfPage":{"@id":"https:\/\/bilingual.hu\/en\/bilingual-family-day-2024-thank-you\/"},"wordCount":371,"publisher":{"@id":"https:\/\/bilingual.hu\/en\/#organization"},"image":{"@id":"https:\/\/bilingual.hu\/en\/bilingual-family-day-2024-thank-you\/#primaryimage"},"thumbnailUrl":"https:\/\/bilingual.hu\/app\/uploads\/2024\/09\/FamilyDay2024_Molino_RGB_kicsi-scaled.jpg","inLanguage":"en-US"},{"@type":"WebPage","@id":"https:\/\/bilingual.hu\/en\/bilingual-family-day-2024-thank-you\/","url":"https:\/\/bilingual.hu\/en\/bilingual-family-day-2024-thank-you\/","name":"Bilingual Family Day 2024 \u2013 thank you - Bilingual","isPartOf":{"@id":"https:\/\/bilingual.hu\/en\/#website"},"primaryImageOfPage":{"@id":"https:\/\/bilingual.hu\/en\/bilingual-family-day-2024-thank-you\/#primaryimage"},"image":{"@id":"https:\/\/bilingual.hu\/en\/bilingual-family-day-2024-thank-you\/#primaryimage"},"thumbnailUrl":"https:\/\/bilingual.hu\/app\/uploads\/2024\/09\/FamilyDay2024_Molino_RGB_kicsi-scaled.jpg","datePublished":"2024-09-24T13:54:35+00:00","dateModified":"2025-02-10T09:20:29+00:00","breadcrumb":{"@id":"https:\/\/bilingual.hu\/en\/bilingual-family-day-2024-thank-you\/#breadcrumb"},"inLanguage":"en-US","potentialAction":[{"@type":"ReadAction","target":["https:\/\/bilingual.hu\/en\/bilingual-family-day-2024-thank-you\/"]}]},{"@type":"ImageObject","inLanguage":"en-US","@id":"https:\/\/bilingual.hu\/en\/bilingual-family-day-2024-thank-you\/#primaryimage","url":"https:\/\/bilingual.hu\/app\/uploads\/2024\/09\/FamilyDay2024_Molino_RGB_kicsi-scaled.jpg","contentUrl":"https:\/\/bilingual.hu\/app\/uploads\/2024\/09\/FamilyDay2024_Molino_RGB_kicsi-scaled.jpg","width":2560,"height":960},{"@type":"BreadcrumbList","@id":"https:\/\/bilingual.hu\/en\/bilingual-family-day-2024-thank-you\/#breadcrumb","itemListElement":[{"@type":"ListItem","position":1,"name":"&nbsp;","item":"https:\/\/bilingual.hu\/en\/"},{"@type":"ListItem","position":2,"name":"Bilingual Family Day 2024 \u2013 thank you"}]},{"@type":"WebSite","@id":"https:\/\/bilingual.hu\/en\/#website","url":"https:\/\/bilingual.hu\/en\/","name":"Bilingual","description":"A Bilingual Program egy intenz\u00edv k\u00e9tnyelv\u0171 k\u00e9pz\u00e9s.","publisher":{"@id":"https:\/\/bilingual.hu\/en\/#organization"},"potentialAction":[{"@type":"SearchAction","target":{"@type":"EntryPoint","urlTemplate":"https:\/\/bilingual.hu\/en\/?s={search_term_string}"},"query-input":{"@type":"PropertyValueSpecification","valueRequired":true,"valueName":"search_term_string"}}],"inLanguage":"en-US"},{"@type":"Organization","@id":"https:\/\/bilingual.hu\/en\/#organization","name":"Bilingual","url":"https:\/\/bilingual.hu\/en\/","logo":{"@type":"ImageObject","inLanguage":"en-US","@id":"https:\/\/bilingual.hu\/en\/#\/schema\/logo\/image\/","url":"https:\/\/bilingual.hu\/app\/uploads\/2024\/08\/Property-1Variant2.svg","contentUrl":"https:\/\/bilingual.hu\/app\/uploads\/2024\/08\/Property-1Variant2.svg","caption":"Bilingual"},"image":{"@id":"https:\/\/bilingual.hu\/en\/#\/schema\/logo\/image\/"},"sameAs":["https:\/\/www.facebook.com\/bilingual.hu","https:\/\/www.instagram.com\/bilingual.hu\/","https:\/\/www.youtube.com\/channel\/UCr0fdfvgn1CRi0YwFT5LwEg\/videos"]},{"@type":"Person","@id":"https:\/\/bilingual.hu\/en\/#\/schema\/person\/986159d80cb9ddc3af1ba281e95d213c","name":"Tihanyi Szabolcs","image":{"@type":"ImageObject","inLanguage":"en-US","@id":"https:\/\/bilingual.hu\/en\/#\/schema\/person\/image\/","url":"https:\/\/secure.gravatar.com\/avatar\/f83b0fcedbe799e59c24a092bfc2e64cde40c3e09348b197b8031d9de5e2112b?s=96&d=mm&r=g","contentUrl":"https:\/\/secure.gravatar.com\/avatar\/f83b0fcedbe799e59c24a092bfc2e64cde40c3e09348b197b8031d9de5e2112b?s=96&d=mm&r=g","caption":"Tihanyi Szabolcs"}}]}},"_links":{"self":[{"href":"https:\/\/bilingual.hu\/en\/wp-json\/wp\/v2\/posts\/7150","targetHints":{"allow":["GET"]}}],"collection":[{"href":"https:\/\/bilingual.hu\/en\/wp-json\/wp\/v2\/posts"}],"about":[{"href":"https:\/\/bilingual.hu\/en\/wp-json\/wp\/v2\/types\/post"}],"author":[{"embeddable":true,"href":"https:\/\/bilingual.hu\/en\/wp-json\/wp\/v2\/users\/8"}],"replies":[{"embeddable":true,"href":"https:\/\/bilingual.hu\/en\/wp-json\/wp\/v2\/comments?post=7150"}],"version-history":[{"count":2,"href":"https:\/\/bilingual.hu\/en\/wp-json\/wp\/v2\/posts\/7150\/revisions"}],"predecessor-version":[{"id":8156,"href":"https:\/\/bilingual.hu\/en\/wp-json\/wp\/v2\/posts\/7150\/revisions\/8156"}],"wp:featuredmedia":[{"embeddable":true,"href":"https:\/\/bilingual.hu\/en\/wp-json\/wp\/v2\/media\/6808"}],"wp:attachment":[{"href":"https:\/\/bilingual.hu\/en\/wp-json\/wp\/v2\/media?parent=7150"}],"wp:term":[{"taxonomy":"category","embeddable":true,"href":"https:\/\/bilingual.hu\/en\/wp-json\/wp\/v2\/categories?post=7150"},{"taxonomy":"post_tag","embeddable":true,"href":"https:\/\/bilingual.hu\/en\/wp-json\/wp\/v2\/tags?post=7150"}],"curies":[{"name":"wp","href":"https:\/\/api.w.org\/{rel}","templated":true}]}}