{"id":3168,"date":"2021-09-09T10:56:21","date_gmt":"2021-09-09T08:56:21","guid":{"rendered":"https:\/\/bilingual.hu\/bilingual-family-day-ujra\/"},"modified":"2024-08-06T10:03:05","modified_gmt":"2024-08-06T08:03:05","slug":"bilingual-family-day-ujra","status":"publish","type":"post","link":"https:\/\/bilingual.hu\/en\/bilingual-family-day-ujra\/","title":{"rendered":"BILINGUAL FAMILY DAY IS HERE AGAIN!"},"content":{"rendered":"<p align=\"center\">We would like to invite<\/p>\n<p align=\"center\"><strong>children<\/strong> studying in our Bilingual Program and<\/p>\n<p align=\"center\"><strong>and their families to<\/strong><\/p>\n<p align=\"center\">\n<p align=\"center\"><strong>Bilingual Family Day<\/strong><\/p>\n<p align=\"center\">Saturday, <strong>18 September 2021<\/strong>, <strong>9am-1pm<\/strong><\/p>\n<ul>\n<li>Spend a sunny Saturday morning with <strong>your family members,<\/strong><\/li>\n<li><strong>Play <\/strong>with your children,<\/li>\n<li><strong>Celebrate with the <\/strong><strong>84 native English-speaking teachers <\/strong><\/li>\n<li>of the <strong>20-year-old Bilingual Program<\/strong><\/li>\n<\/ul>\n<p align=\"center\">on this <strong>exceptional<\/strong><\/p>\n<p align=\"center\">Bilingual Family Day!<\/p>\n<p align=\"center\">\n<p>The Bilingual Family Day has become a beloved tradition and a great opportunity for nearly <strong>1300 students<\/strong> and their parents to meet our native English-speaking teachers in an informal way at the beginning of the new school year, so parents can have a closer look at how the Bilingual Program operates on regular school days \u2013 at this event, through games and outside the school\/kindergarten environment.<\/p>\n<p align=\"left\"><strong>Locations: <\/strong><\/p>\n<p align=\"left\"><strong>Stations <\/strong>at the <strong>partner institutions<\/strong> of the Bilingual Program<\/p>\n<p align=\"left\">(End Station: KOBUCI Kert, 1033 Budapest, F\u0151 t\u00e9r 1.)<\/p>\n<p>We put the <strong>health of<\/strong> the participating <strong>children, teachers and family members first<\/strong>, so we are <strong>not setting up<\/strong> the stations <strong>in one place<\/strong>,<\/p>\n<p>but rather in the <strong>yards<\/strong> or front gardens of <strong>our 9 partner institutions<\/strong>,<\/p>\n<p>with <strong>1, 2 or 3 stations<\/strong> per location.<\/p>\n<p><strong>Transport:<\/strong><\/p>\n<p>By public transport, car or even by bicycle or scooter &#8211; according to each family&#8217;s choice.<\/p>\n<p><strong>How to participate in the Great Game?<\/strong><\/p>\n<ul>\n<li>The game can be <strong>started at any<\/strong> of the <strong>20 stations<\/strong>.<\/li>\n<li>At the <strong>first station of your choice<\/strong>, each child will receive a <strong>Family Day Passport<\/strong>.<\/li>\n<li>Children can complete the various tasks of the stations <strong>in any order<\/strong> and<\/li>\n<li>collect the <strong>stamps<\/strong> that<\/li>\n<li>at the end station they can exchange for a surprise <strong>gift<\/strong> of their choice (subject to availability).<\/li>\n<li><strong>Separate tasks<\/strong> await both <strong>younger<\/strong> students and <strong>older<\/strong> students!<\/li>\n<li>Children who <strong>complete <\/strong><strong>7 of the 20 stations<\/strong> will earn a <strong>gift<\/strong>.<\/li>\n<li>Children who <strong>complete <\/strong><strong>10 of the 20 stations<\/strong> will earn an additional <strong>gift<\/strong>.<\/li>\n<li>A child who visits a <strong>kindergarten<\/strong>, a <strong>primary school <\/strong>and a <strong>high school<\/strong> station with their family will receive a <strong>bonus stamp<\/strong>!<\/li>\n<li>A <strong>long-distance bonus stamp<\/strong> goes to the students and siblings of SZIA Budakeszi, \u00dajpest Summer Kindergarten, Megyeri \u00dati Primary School and Eur\u00f3pa2000 High School in Zugl\u00f3.<\/li>\n<li>The <strong>kindergarten group \/ school class<\/strong> that collects <strong>the most stamps<\/strong> in proportion to their size will receive a <strong>special gift<\/strong>. Results will be announced a few days after the event!<\/li>\n<\/ul>\n<p>The<strong> Bilingual Staff Band will be performing a 15-minute show at 10:30, 11:30 and 12:30<\/strong>, so it&#8217;s worth picking up your gift at these times!<\/p>\n<p>You can find the partner institutions of the Bilingual Program here:<\/p>\n<p><a href=\"https:\/\/bilingual.hu\/en\/partner-institutions\">https:\/\/bilingual.hu\/en\/partner-institutions<\/a><\/p>\n<p><strong>How to register:<\/strong><\/p>\n<p>Please RSVP through the <strong>link<\/strong> <strong>sent via e-mail<\/strong>.<\/p>\n<p>We kindly request that families <strong>follow social distancing rules<\/strong> at all stations!<\/p>\n<p>The <strong>buffet<\/strong> at Kobuci Kert will be open from 11am.<\/p>\n<p>You can use the restrooms at most of the institutions.<\/p>\n<p>Sunny early fall weather for the day has already been ordered : ), because the event can only be held if <strong>there\u2019s no rain<\/strong>!<\/p>\n<p><strong>We look forward to seeing our Bilingual families!<\/strong><\/p>\n<p>Best regards,<\/p>\n<p>The Bilingual Program Team<\/p>\n","protected":false},"excerpt":{"rendered":"<p>We would like to invite children studying in our Bilingual Program and and their families to Bilingual Family Day Saturday, 18 September 2021, 9am-1pm Spend a sunny Saturday morning with your family members, Play with your children, Celebrate with the 84 native English-speaking teachers of the 20-year-old Bilingual Program on this exceptional Bilingual Family Day! [&hellip;]<\/p>\n","protected":false},"author":8,"featured_media":3166,"comment_status":"closed","ping_status":"closed","sticky":false,"template":"","format":"standard","meta":{"_acf_changed":false,"footnotes":""},"categories":[31,32],"tags":[],"class_list":["post-3168","post","type-post","status-publish","format-standard","has-post-thumbnail","hentry","category-alt-isk-prog-en","category-gimnaziumi-program-en"],"acf":[],"yoast_head":"<!-- This site is optimized with the Yoast SEO plugin v26.0 - https:\/\/yoast.com\/wordpress\/plugins\/seo\/ -->\n<title>BILINGUAL FAMILY DAY IS HERE AGAIN! - Bilingual<\/title>\n<meta name=\"robots\" content=\"index, follow, max-snippet:-1, max-image-preview:large, max-video-preview:-1\" \/>\n<link rel=\"canonical\" href=\"https:\/\/bilingual.hu\/en\/bilingual-family-day-ujra\/\" \/>\n<meta property=\"og:locale\" content=\"en_US\" \/>\n<meta property=\"og:type\" content=\"article\" \/>\n<meta property=\"og:title\" content=\"BILINGUAL FAMILY DAY IS HERE AGAIN! - Bilingual\" \/>\n<meta property=\"og:description\" content=\"We would like to invite children studying in our Bilingual Program and and their families to Bilingual Family Day Saturday, 18 September 2021, 9am-1pm Spend a sunny Saturday morning with your family members, Play with your children, Celebrate with the 84 native English-speaking teachers of the 20-year-old Bilingual Program on this exceptional Bilingual Family Day! [&hellip;]\" \/>\n<meta property=\"og:url\" content=\"https:\/\/bilingual.hu\/en\/bilingual-family-day-ujra\/\" \/>\n<meta property=\"og:site_name\" content=\"Bilingual\" \/>\n<meta property=\"article:publisher\" content=\"https:\/\/www.facebook.com\/bilingual.hu\" \/>\n<meta property=\"article:published_time\" content=\"2021-09-09T08:56:21+00:00\" \/>\n<meta property=\"article:modified_time\" content=\"2024-08-06T08:03:05+00:00\" \/>\n<meta property=\"og:image\" content=\"https:\/\/bilingual.hu\/app\/uploads\/2021\/09\/20_logo_1.jpg\" \/>\n\t<meta property=\"og:image:width\" content=\"724\" \/>\n\t<meta property=\"og:image:height\" content=\"470\" \/>\n\t<meta property=\"og:image:type\" content=\"image\/jpeg\" \/>\n<meta name=\"author\" content=\"Tihanyi Szabolcs\" \/>\n<meta name=\"twitter:card\" content=\"summary_large_image\" \/>\n<meta name=\"twitter:label1\" content=\"Written by\" \/>\n\t<meta name=\"twitter:data1\" content=\"Tihanyi Szabolcs\" \/>\n\t<meta name=\"twitter:label2\" content=\"Est. reading time\" \/>\n\t<meta name=\"twitter:data2\" content=\"3 minutes\" \/>\n<script type=\"application\/ld+json\" class=\"yoast-schema-graph\">{\"@context\":\"https:\/\/schema.org\",\"@graph\":[{\"@type\":\"Article\",\"@id\":\"https:\/\/bilingual.hu\/en\/bilingual-family-day-ujra\/#article\",\"isPartOf\":{\"@id\":\"https:\/\/bilingual.hu\/en\/bilingual-family-day-ujra\/\"},\"author\":{\"name\":\"Tihanyi Szabolcs\",\"@id\":\"https:\/\/bilingual.hu\/en\/#\/schema\/person\/986159d80cb9ddc3af1ba281e95d213c\"},\"headline\":\"BILINGUAL FAMILY DAY IS HERE AGAIN!\",\"datePublished\":\"2021-09-09T08:56:21+00:00\",\"dateModified\":\"2024-08-06T08:03:05+00:00\",\"mainEntityOfPage\":{\"@id\":\"https:\/\/bilingual.hu\/en\/bilingual-family-day-ujra\/\"},\"wordCount\":495,\"publisher\":{\"@id\":\"https:\/\/bilingual.hu\/en\/#organization\"},\"image\":{\"@id\":\"https:\/\/bilingual.hu\/en\/bilingual-family-day-ujra\/#primaryimage\"},\"thumbnailUrl\":\"https:\/\/bilingual.hu\/app\/uploads\/2021\/09\/20_logo_1.jpg\",\"articleSection\":[\"\u00c1ltal\u00e1nos iskolai program\",\"Gimn\u00e1ziumi program\"],\"inLanguage\":\"en-US\"},{\"@type\":\"WebPage\",\"@id\":\"https:\/\/bilingual.hu\/en\/bilingual-family-day-ujra\/\",\"url\":\"https:\/\/bilingual.hu\/en\/bilingual-family-day-ujra\/\",\"name\":\"BILINGUAL FAMILY DAY IS HERE AGAIN! - Bilingual\",\"isPartOf\":{\"@id\":\"https:\/\/bilingual.hu\/en\/#website\"},\"primaryImageOfPage\":{\"@id\":\"https:\/\/bilingual.hu\/en\/bilingual-family-day-ujra\/#primaryimage\"},\"image\":{\"@id\":\"https:\/\/bilingual.hu\/en\/bilingual-family-day-ujra\/#primaryimage\"},\"thumbnailUrl\":\"https:\/\/bilingual.hu\/app\/uploads\/2021\/09\/20_logo_1.jpg\",\"datePublished\":\"2021-09-09T08:56:21+00:00\",\"dateModified\":\"2024-08-06T08:03:05+00:00\",\"breadcrumb\":{\"@id\":\"https:\/\/bilingual.hu\/en\/bilingual-family-day-ujra\/#breadcrumb\"},\"inLanguage\":\"en-US\",\"potentialAction\":[{\"@type\":\"ReadAction\",\"target\":[\"https:\/\/bilingual.hu\/en\/bilingual-family-day-ujra\/\"]}]},{\"@type\":\"ImageObject\",\"inLanguage\":\"en-US\",\"@id\":\"https:\/\/bilingual.hu\/en\/bilingual-family-day-ujra\/#primaryimage\",\"url\":\"https:\/\/bilingual.hu\/app\/uploads\/2021\/09\/20_logo_1.jpg\",\"contentUrl\":\"https:\/\/bilingual.hu\/app\/uploads\/2021\/09\/20_logo_1.jpg\",\"width\":724,\"height\":470},{\"@type\":\"BreadcrumbList\",\"@id\":\"https:\/\/bilingual.hu\/en\/bilingual-family-day-ujra\/#breadcrumb\",\"itemListElement\":[{\"@type\":\"ListItem\",\"position\":1,\"name\":\"&nbsp;\",\"item\":\"https:\/\/bilingual.hu\/en\/\"},{\"@type\":\"ListItem\",\"position\":2,\"name\":\"BILINGUAL FAMILY DAY IS HERE AGAIN!\"}]},{\"@type\":\"WebSite\",\"@id\":\"https:\/\/bilingual.hu\/en\/#website\",\"url\":\"https:\/\/bilingual.hu\/en\/\",\"name\":\"Bilingual\",\"description\":\"A Bilingual Program egy intenz\u00edv k\u00e9tnyelv\u0171 k\u00e9pz\u00e9s.\",\"publisher\":{\"@id\":\"https:\/\/bilingual.hu\/en\/#organization\"},\"potentialAction\":[{\"@type\":\"SearchAction\",\"target\":{\"@type\":\"EntryPoint\",\"urlTemplate\":\"https:\/\/bilingual.hu\/en\/?s={search_term_string}\"},\"query-input\":{\"@type\":\"PropertyValueSpecification\",\"valueRequired\":true,\"valueName\":\"search_term_string\"}}],\"inLanguage\":\"en-US\"},{\"@type\":\"Organization\",\"@id\":\"https:\/\/bilingual.hu\/en\/#organization\",\"name\":\"Bilingual\",\"url\":\"https:\/\/bilingual.hu\/en\/\",\"logo\":{\"@type\":\"ImageObject\",\"inLanguage\":\"en-US\",\"@id\":\"https:\/\/bilingual.hu\/en\/#\/schema\/logo\/image\/\",\"url\":\"https:\/\/bilingual.hu\/app\/uploads\/2024\/08\/Property-1Variant2.svg\",\"contentUrl\":\"https:\/\/bilingual.hu\/app\/uploads\/2024\/08\/Property-1Variant2.svg\",\"caption\":\"Bilingual\"},\"image\":{\"@id\":\"https:\/\/bilingual.hu\/en\/#\/schema\/logo\/image\/\"},\"sameAs\":[\"https:\/\/www.facebook.com\/bilingual.hu\",\"https:\/\/www.instagram.com\/bilingual.hu\/\",\"https:\/\/www.youtube.com\/channel\/UCr0fdfvgn1CRi0YwFT5LwEg\/videos\"]},{\"@type\":\"Person\",\"@id\":\"https:\/\/bilingual.hu\/en\/#\/schema\/person\/986159d80cb9ddc3af1ba281e95d213c\",\"name\":\"Tihanyi Szabolcs\",\"image\":{\"@type\":\"ImageObject\",\"inLanguage\":\"en-US\",\"@id\":\"https:\/\/bilingual.hu\/en\/#\/schema\/person\/image\/\",\"url\":\"https:\/\/secure.gravatar.com\/avatar\/f83b0fcedbe799e59c24a092bfc2e64cde40c3e09348b197b8031d9de5e2112b?s=96&d=mm&r=g\",\"contentUrl\":\"https:\/\/secure.gravatar.com\/avatar\/f83b0fcedbe799e59c24a092bfc2e64cde40c3e09348b197b8031d9de5e2112b?s=96&d=mm&r=g\",\"caption\":\"Tihanyi Szabolcs\"}}]}<\/script>\n<!-- \/ Yoast SEO plugin. -->","yoast_head_json":{"title":"BILINGUAL FAMILY DAY IS HERE AGAIN! - Bilingual","robots":{"index":"index","follow":"follow","max-snippet":"max-snippet:-1","max-image-preview":"max-image-preview:large","max-video-preview":"max-video-preview:-1"},"canonical":"https:\/\/bilingual.hu\/en\/bilingual-family-day-ujra\/","og_locale":"en_US","og_type":"article","og_title":"BILINGUAL FAMILY DAY IS HERE AGAIN! - Bilingual","og_description":"We would like to invite children studying in our Bilingual Program and and their families to Bilingual Family Day Saturday, 18 September 2021, 9am-1pm Spend a sunny Saturday morning with your family members, Play with your children, Celebrate with the 84 native English-speaking teachers of the 20-year-old Bilingual Program on this exceptional Bilingual Family Day! [&hellip;]","og_url":"https:\/\/bilingual.hu\/en\/bilingual-family-day-ujra\/","og_site_name":"Bilingual","article_publisher":"https:\/\/www.facebook.com\/bilingual.hu","article_published_time":"2021-09-09T08:56:21+00:00","article_modified_time":"2024-08-06T08:03:05+00:00","og_image":[{"width":724,"height":470,"url":"https:\/\/bilingual.hu\/app\/uploads\/2021\/09\/20_logo_1.jpg","type":"image\/jpeg"}],"author":"Tihanyi Szabolcs","twitter_card":"summary_large_image","twitter_misc":{"Written by":"Tihanyi Szabolcs","Est. reading time":"3 minutes"},"schema":{"@context":"https:\/\/schema.org","@graph":[{"@type":"Article","@id":"https:\/\/bilingual.hu\/en\/bilingual-family-day-ujra\/#article","isPartOf":{"@id":"https:\/\/bilingual.hu\/en\/bilingual-family-day-ujra\/"},"author":{"name":"Tihanyi Szabolcs","@id":"https:\/\/bilingual.hu\/en\/#\/schema\/person\/986159d80cb9ddc3af1ba281e95d213c"},"headline":"BILINGUAL FAMILY DAY IS HERE AGAIN!","datePublished":"2021-09-09T08:56:21+00:00","dateModified":"2024-08-06T08:03:05+00:00","mainEntityOfPage":{"@id":"https:\/\/bilingual.hu\/en\/bilingual-family-day-ujra\/"},"wordCount":495,"publisher":{"@id":"https:\/\/bilingual.hu\/en\/#organization"},"image":{"@id":"https:\/\/bilingual.hu\/en\/bilingual-family-day-ujra\/#primaryimage"},"thumbnailUrl":"https:\/\/bilingual.hu\/app\/uploads\/2021\/09\/20_logo_1.jpg","articleSection":["\u00c1ltal\u00e1nos iskolai program","Gimn\u00e1ziumi program"],"inLanguage":"en-US"},{"@type":"WebPage","@id":"https:\/\/bilingual.hu\/en\/bilingual-family-day-ujra\/","url":"https:\/\/bilingual.hu\/en\/bilingual-family-day-ujra\/","name":"BILINGUAL FAMILY DAY IS HERE AGAIN! - Bilingual","isPartOf":{"@id":"https:\/\/bilingual.hu\/en\/#website"},"primaryImageOfPage":{"@id":"https:\/\/bilingual.hu\/en\/bilingual-family-day-ujra\/#primaryimage"},"image":{"@id":"https:\/\/bilingual.hu\/en\/bilingual-family-day-ujra\/#primaryimage"},"thumbnailUrl":"https:\/\/bilingual.hu\/app\/uploads\/2021\/09\/20_logo_1.jpg","datePublished":"2021-09-09T08:56:21+00:00","dateModified":"2024-08-06T08:03:05+00:00","breadcrumb":{"@id":"https:\/\/bilingual.hu\/en\/bilingual-family-day-ujra\/#breadcrumb"},"inLanguage":"en-US","potentialAction":[{"@type":"ReadAction","target":["https:\/\/bilingual.hu\/en\/bilingual-family-day-ujra\/"]}]},{"@type":"ImageObject","inLanguage":"en-US","@id":"https:\/\/bilingual.hu\/en\/bilingual-family-day-ujra\/#primaryimage","url":"https:\/\/bilingual.hu\/app\/uploads\/2021\/09\/20_logo_1.jpg","contentUrl":"https:\/\/bilingual.hu\/app\/uploads\/2021\/09\/20_logo_1.jpg","width":724,"height":470},{"@type":"BreadcrumbList","@id":"https:\/\/bilingual.hu\/en\/bilingual-family-day-ujra\/#breadcrumb","itemListElement":[{"@type":"ListItem","position":1,"name":"&nbsp;","item":"https:\/\/bilingual.hu\/en\/"},{"@type":"ListItem","position":2,"name":"BILINGUAL FAMILY DAY IS HERE AGAIN!"}]},{"@type":"WebSite","@id":"https:\/\/bilingual.hu\/en\/#website","url":"https:\/\/bilingual.hu\/en\/","name":"Bilingual","description":"A Bilingual Program egy intenz\u00edv k\u00e9tnyelv\u0171 k\u00e9pz\u00e9s.","publisher":{"@id":"https:\/\/bilingual.hu\/en\/#organization"},"potentialAction":[{"@type":"SearchAction","target":{"@type":"EntryPoint","urlTemplate":"https:\/\/bilingual.hu\/en\/?s={search_term_string}"},"query-input":{"@type":"PropertyValueSpecification","valueRequired":true,"valueName":"search_term_string"}}],"inLanguage":"en-US"},{"@type":"Organization","@id":"https:\/\/bilingual.hu\/en\/#organization","name":"Bilingual","url":"https:\/\/bilingual.hu\/en\/","logo":{"@type":"ImageObject","inLanguage":"en-US","@id":"https:\/\/bilingual.hu\/en\/#\/schema\/logo\/image\/","url":"https:\/\/bilingual.hu\/app\/uploads\/2024\/08\/Property-1Variant2.svg","contentUrl":"https:\/\/bilingual.hu\/app\/uploads\/2024\/08\/Property-1Variant2.svg","caption":"Bilingual"},"image":{"@id":"https:\/\/bilingual.hu\/en\/#\/schema\/logo\/image\/"},"sameAs":["https:\/\/www.facebook.com\/bilingual.hu","https:\/\/www.instagram.com\/bilingual.hu\/","https:\/\/www.youtube.com\/channel\/UCr0fdfvgn1CRi0YwFT5LwEg\/videos"]},{"@type":"Person","@id":"https:\/\/bilingual.hu\/en\/#\/schema\/person\/986159d80cb9ddc3af1ba281e95d213c","name":"Tihanyi Szabolcs","image":{"@type":"ImageObject","inLanguage":"en-US","@id":"https:\/\/bilingual.hu\/en\/#\/schema\/person\/image\/","url":"https:\/\/secure.gravatar.com\/avatar\/f83b0fcedbe799e59c24a092bfc2e64cde40c3e09348b197b8031d9de5e2112b?s=96&d=mm&r=g","contentUrl":"https:\/\/secure.gravatar.com\/avatar\/f83b0fcedbe799e59c24a092bfc2e64cde40c3e09348b197b8031d9de5e2112b?s=96&d=mm&r=g","caption":"Tihanyi Szabolcs"}}]}},"_links":{"self":[{"href":"https:\/\/bilingual.hu\/en\/wp-json\/wp\/v2\/posts\/3168","targetHints":{"allow":["GET"]}}],"collection":[{"href":"https:\/\/bilingual.hu\/en\/wp-json\/wp\/v2\/posts"}],"about":[{"href":"https:\/\/bilingual.hu\/en\/wp-json\/wp\/v2\/types\/post"}],"author":[{"embeddable":true,"href":"https:\/\/bilingual.hu\/en\/wp-json\/wp\/v2\/users\/8"}],"replies":[{"embeddable":true,"href":"https:\/\/bilingual.hu\/en\/wp-json\/wp\/v2\/comments?post=3168"}],"version-history":[{"count":1,"href":"https:\/\/bilingual.hu\/en\/wp-json\/wp\/v2\/posts\/3168\/revisions"}],"predecessor-version":[{"id":3759,"href":"https:\/\/bilingual.hu\/en\/wp-json\/wp\/v2\/posts\/3168\/revisions\/3759"}],"wp:featuredmedia":[{"embeddable":true,"href":"https:\/\/bilingual.hu\/en\/wp-json\/wp\/v2\/media\/3166"}],"wp:attachment":[{"href":"https:\/\/bilingual.hu\/en\/wp-json\/wp\/v2\/media?parent=3168"}],"wp:term":[{"taxonomy":"category","embeddable":true,"href":"https:\/\/bilingual.hu\/en\/wp-json\/wp\/v2\/categories?post=3168"},{"taxonomy":"post_tag","embeddable":true,"href":"https:\/\/bilingual.hu\/en\/wp-json\/wp\/v2\/tags?post=3168"}],"curies":[{"name":"wp","href":"https:\/\/api.w.org\/{rel}","templated":true}]}}