{"id":3152,"date":"2021-10-12T21:29:47","date_gmt":"2021-10-12T19:29:47","guid":{"rendered":"https:\/\/bilingual.hu\/erasmus-digitalis-csereprogram-a-21-szazadi-keszsegfejlesztesert\/"},"modified":"2024-08-05T14:46:06","modified_gmt":"2024-08-05T12:46:06","slug":"erasmus-digitalis-csereprogram-a-21-szazadi-keszsegfejlesztesert","status":"publish","type":"post","link":"https:\/\/bilingual.hu\/en\/erasmus-digitalis-csereprogram-a-21-szazadi-keszsegfejlesztesert\/","title":{"rendered":"ERASMUS + DIGITAL EXCHANGE FOR 21ST CENTURY SKILLS DEVELOPMENT!"},"content":{"rendered":"<div class=\"post-content\">\n<div class=\"article_content\">\n<div class=\"field field-name-body field-type-text-with-summary field-label-hidden\">\n<div class=\"field-items\">\n<div class=\"field-item even\">\n<p dir=\"ltr\">The Erasmus+ Digital Exchange Program ended with an award ceremony last Friday (October 8, 2021). The Hungarian project week was organized by the Bilingual Program along with our partners, KSG Apeldoorn high school from the Netherlands and Sv. Kliment Ohridski high school in North Macedonia.<\/p>\n<p dir=\"ltr\">\n<p dir=\"ltr\">You can watch the closing speech\u00a0and the award ceremony in the video below:<\/p>\n<p dir=\"ltr\">\n<p><iframe loading=\"lazy\" title=\"YouTube video player\" src=\"https:\/\/www.youtube.com\/embed\/nvETRTiYvL0\" width=\"560\" height=\"315\" frameborder=\"0\" allowfullscreen=\"allowfullscreen\" data-mce-fragment=\"1\"><\/iframe><\/p>\n<p dir=\"ltr\">\n<p dir=\"ltr\">A total of 141 students participated in the project week. They were divided into international groups of 7 students, where the goal was to create a video game. The playful theme motivated the children, while the project work required high-level use of the following skills:<\/p>\n<ul>\n<li dir=\"ltr\">\n<p dir=\"ltr\">Through <strong>cooperative teamwork<\/strong> international groups\u00a0 worked together in bringing 3 different areas (coding, sound editing, graphic work) into a cohesive final product.<\/p>\n<\/li>\n<li dir=\"ltr\">\n<p dir=\"ltr\"><strong>Sharing and dividing the workload<\/strong> was also necessary as creating the video game was a week-long task for the whole team.<\/p>\n<\/li>\n<li dir=\"ltr\">\n<p dir=\"ltr\">The students also needed to master the <strong>technical knowledge<\/strong> required for algorithmic design, sound editing, and graphic work.<\/p>\n<\/li>\n<li dir=\"ltr\">\n<p dir=\"ltr\">Throughout the week, <strong>all the work was done in English<\/strong>, <strong>on online platforms<\/strong>. It was obvious that the students were comfortable in both environments.<\/p>\n<\/li>\n<\/ul>\n<p dir=\"ltr\">These are all valuable skills that are in line with the educational and labor market requirements of the 21st century, and participants can utilize them both in further school years and later in their work lives.<\/p>\n<p dir=\"ltr\">The final video games were evaluated in 4 categories by the teaching staff of the project week. <strong>The games can be tried out by clicking on the titles:<\/strong><\/p>\n<h2 dir=\"ltr\">The best game<\/h2>\n<p dir=\"ltr\"><a href=\"https:\/\/scratch.mit.edu\/projects\/579453060\">National Minigames<\/a><\/p>\n<p dir=\"ltr\">Group 20<\/p>\n<p dir=\"ltr\">Rebecca Husz\u00e1r, Vanda of Aradv\u00e1r, Emma Louise Kelly, Tijay Zijderveld, Senne van Zoeren, Dafina Razmoska, Andrej Janeski, Nina Risteska<\/p>\n<p dir=\"ltr\">The main aspects of the evaluation were the overall picture, the completion of the game, and the application of creative solutions. Each member of the winning team will receive 3 months\u2019 premium access to Skillshare, a service that features online courses.<\/p>\n<p dir=\"ltr\">With respect to the special prizes, we evaluated the creative and unique visual and audio implementation, as well as the most active participation. Each member of the special prize group will receive an ebook prize:<\/p>\n<h2 dir=\"ltr\">Best Sound award<\/h2>\n<p dir=\"ltr\"><a href=\"https:\/\/scratch.mit.edu\/projects\/579450184\">The Temple of Mysteries<\/a><\/p>\n<p dir=\"ltr\">Group 15<\/p>\n<p dir=\"ltr\">Veisz Blanka, Korkin Arsenii, R\u00e1cz Emma, \u200b\u200bTessa Klopman, Luuk Mensink, Elena Petreska, Mihail Mitreski<\/p>\n<h2 dir=\"ltr\">Best Graphics award<\/h2>\n<h2><\/h2>\n<p dir=\"ltr\"><a href=\"https:\/\/scratch.mit.edu\/projects\/579690708\/\">Rescue Remedy<\/a><\/p>\n<p dir=\"ltr\">Group 17<\/p>\n<p dir=\"ltr\">Lyam Raup Rigonan, Mak\u00f3 Ajsa, Pazsitka Neszta, Melisa Yigit, Max de Vries, Ana Vidovska, Bojana Cvetkoska<\/p>\n<h2 dir=\"ltr\">Best Participation award<\/h2>\n<p dir=\"ltr\"><a href=\"https:\/\/scratch.mit.edu\/projects\/579444435\">Baseball Game<\/a><\/p>\n<p dir=\"ltr\">Group 1<\/p>\n<p dir=\"ltr\">\u00c1d\u00e1m Vikt\u00f3ria, Bart\u00f3k M\u00e1rton, Chon Joo Chan, Annika Borsoi, Anna Bos, Nadica Naumoska, Marija Stojkovska<\/p>\n<p dir=\"ltr\"><strong>Congratulations to the winners and thanks to all the students for participating! <\/strong>The next project week will take place in the spring semester and will be organized by our North Macedonian partner!<\/p>\n<\/div>\n<\/div>\n<\/div>\n<\/div>\n<\/div>\n","protected":false},"excerpt":{"rendered":"<p>The Erasmus+ Digital Exchange Program ended with an award ceremony last Friday (October 8, 2021). The Hungarian project week was organized by the Bilingual Program along with our partners, KSG Apeldoorn high school from the Netherlands and Sv. Kliment Ohridski high school in North Macedonia. You can watch the closing speech\u00a0and the award ceremony in [&hellip;]<\/p>\n","protected":false},"author":8,"featured_media":2921,"comment_status":"closed","ping_status":"closed","sticky":false,"template":"","format":"standard","meta":{"_acf_changed":false,"footnotes":""},"categories":[31,32],"tags":[],"class_list":["post-3152","post","type-post","status-publish","format-standard","has-post-thumbnail","hentry","category-alt-isk-prog-en","category-gimnaziumi-program-en"],"acf":[],"yoast_head":"<!-- This site is optimized with the Yoast SEO plugin v26.0 - https:\/\/yoast.com\/wordpress\/plugins\/seo\/ -->\n<title>ERASMUS + DIGITAL EXCHANGE FOR 21ST CENTURY SKILLS DEVELOPMENT! - Bilingual<\/title>\n<meta name=\"robots\" content=\"index, follow, max-snippet:-1, max-image-preview:large, max-video-preview:-1\" \/>\n<link rel=\"canonical\" href=\"https:\/\/bilingual.hu\/en\/erasmus-digitalis-csereprogram-a-21-szazadi-keszsegfejlesztesert\/\" \/>\n<meta property=\"og:locale\" content=\"en_US\" \/>\n<meta property=\"og:type\" content=\"article\" \/>\n<meta property=\"og:title\" content=\"ERASMUS + DIGITAL EXCHANGE FOR 21ST CENTURY SKILLS DEVELOPMENT! - Bilingual\" \/>\n<meta property=\"og:description\" content=\"The Erasmus+ Digital Exchange Program ended with an award ceremony last Friday (October 8, 2021). The Hungarian project week was organized by the Bilingual Program along with our partners, KSG Apeldoorn high school from the Netherlands and Sv. Kliment Ohridski high school in North Macedonia. You can watch the closing speech\u00a0and the award ceremony in [&hellip;]\" \/>\n<meta property=\"og:url\" content=\"https:\/\/bilingual.hu\/en\/erasmus-digitalis-csereprogram-a-21-szazadi-keszsegfejlesztesert\/\" \/>\n<meta property=\"og:site_name\" content=\"Bilingual\" \/>\n<meta property=\"article:publisher\" content=\"https:\/\/www.facebook.com\/bilingual.hu\" \/>\n<meta property=\"article:published_time\" content=\"2021-10-12T19:29:47+00:00\" \/>\n<meta property=\"article:modified_time\" content=\"2024-08-05T12:46:06+00:00\" \/>\n<meta property=\"og:image\" content=\"https:\/\/bilingual.hu\/app\/uploads\/2024\/07\/kep1.jpg\" \/>\n\t<meta property=\"og:image:width\" content=\"700\" \/>\n\t<meta property=\"og:image:height\" content=\"525\" \/>\n\t<meta property=\"og:image:type\" content=\"image\/jpeg\" \/>\n<meta name=\"author\" content=\"Tihanyi Szabolcs\" \/>\n<meta name=\"twitter:card\" content=\"summary_large_image\" \/>\n<meta name=\"twitter:label1\" content=\"Written by\" \/>\n\t<meta name=\"twitter:data1\" content=\"Tihanyi Szabolcs\" \/>\n\t<meta name=\"twitter:label2\" content=\"Est. reading time\" \/>\n\t<meta name=\"twitter:data2\" content=\"3 minutes\" \/>\n<script type=\"application\/ld+json\" class=\"yoast-schema-graph\">{\"@context\":\"https:\/\/schema.org\",\"@graph\":[{\"@type\":\"Article\",\"@id\":\"https:\/\/bilingual.hu\/en\/erasmus-digitalis-csereprogram-a-21-szazadi-keszsegfejlesztesert\/#article\",\"isPartOf\":{\"@id\":\"https:\/\/bilingual.hu\/en\/erasmus-digitalis-csereprogram-a-21-szazadi-keszsegfejlesztesert\/\"},\"author\":{\"name\":\"Tihanyi Szabolcs\",\"@id\":\"https:\/\/bilingual.hu\/en\/#\/schema\/person\/986159d80cb9ddc3af1ba281e95d213c\"},\"headline\":\"ERASMUS + DIGITAL EXCHANGE FOR 21ST CENTURY SKILLS DEVELOPMENT!\",\"datePublished\":\"2021-10-12T19:29:47+00:00\",\"dateModified\":\"2024-08-05T12:46:06+00:00\",\"mainEntityOfPage\":{\"@id\":\"https:\/\/bilingual.hu\/en\/erasmus-digitalis-csereprogram-a-21-szazadi-keszsegfejlesztesert\/\"},\"wordCount\":459,\"publisher\":{\"@id\":\"https:\/\/bilingual.hu\/en\/#organization\"},\"image\":{\"@id\":\"https:\/\/bilingual.hu\/en\/erasmus-digitalis-csereprogram-a-21-szazadi-keszsegfejlesztesert\/#primaryimage\"},\"thumbnailUrl\":\"https:\/\/bilingual.hu\/app\/uploads\/2024\/07\/kep1.jpg\",\"articleSection\":[\"\u00c1ltal\u00e1nos iskolai program\",\"Gimn\u00e1ziumi program\"],\"inLanguage\":\"en-US\"},{\"@type\":\"WebPage\",\"@id\":\"https:\/\/bilingual.hu\/en\/erasmus-digitalis-csereprogram-a-21-szazadi-keszsegfejlesztesert\/\",\"url\":\"https:\/\/bilingual.hu\/en\/erasmus-digitalis-csereprogram-a-21-szazadi-keszsegfejlesztesert\/\",\"name\":\"ERASMUS + DIGITAL EXCHANGE FOR 21ST CENTURY SKILLS DEVELOPMENT! - Bilingual\",\"isPartOf\":{\"@id\":\"https:\/\/bilingual.hu\/en\/#website\"},\"primaryImageOfPage\":{\"@id\":\"https:\/\/bilingual.hu\/en\/erasmus-digitalis-csereprogram-a-21-szazadi-keszsegfejlesztesert\/#primaryimage\"},\"image\":{\"@id\":\"https:\/\/bilingual.hu\/en\/erasmus-digitalis-csereprogram-a-21-szazadi-keszsegfejlesztesert\/#primaryimage\"},\"thumbnailUrl\":\"https:\/\/bilingual.hu\/app\/uploads\/2024\/07\/kep1.jpg\",\"datePublished\":\"2021-10-12T19:29:47+00:00\",\"dateModified\":\"2024-08-05T12:46:06+00:00\",\"breadcrumb\":{\"@id\":\"https:\/\/bilingual.hu\/en\/erasmus-digitalis-csereprogram-a-21-szazadi-keszsegfejlesztesert\/#breadcrumb\"},\"inLanguage\":\"en-US\",\"potentialAction\":[{\"@type\":\"ReadAction\",\"target\":[\"https:\/\/bilingual.hu\/en\/erasmus-digitalis-csereprogram-a-21-szazadi-keszsegfejlesztesert\/\"]}]},{\"@type\":\"ImageObject\",\"inLanguage\":\"en-US\",\"@id\":\"https:\/\/bilingual.hu\/en\/erasmus-digitalis-csereprogram-a-21-szazadi-keszsegfejlesztesert\/#primaryimage\",\"url\":\"https:\/\/bilingual.hu\/app\/uploads\/2024\/07\/kep1.jpg\",\"contentUrl\":\"https:\/\/bilingual.hu\/app\/uploads\/2024\/07\/kep1.jpg\",\"width\":700,\"height\":525},{\"@type\":\"BreadcrumbList\",\"@id\":\"https:\/\/bilingual.hu\/en\/erasmus-digitalis-csereprogram-a-21-szazadi-keszsegfejlesztesert\/#breadcrumb\",\"itemListElement\":[{\"@type\":\"ListItem\",\"position\":1,\"name\":\"&nbsp;\",\"item\":\"https:\/\/bilingual.hu\/en\/\"},{\"@type\":\"ListItem\",\"position\":2,\"name\":\"ERASMUS + DIGITAL EXCHANGE FOR 21ST CENTURY SKILLS DEVELOPMENT!\"}]},{\"@type\":\"WebSite\",\"@id\":\"https:\/\/bilingual.hu\/en\/#website\",\"url\":\"https:\/\/bilingual.hu\/en\/\",\"name\":\"Bilingual\",\"description\":\"A Bilingual Program egy intenz\u00edv k\u00e9tnyelv\u0171 k\u00e9pz\u00e9s.\",\"publisher\":{\"@id\":\"https:\/\/bilingual.hu\/en\/#organization\"},\"potentialAction\":[{\"@type\":\"SearchAction\",\"target\":{\"@type\":\"EntryPoint\",\"urlTemplate\":\"https:\/\/bilingual.hu\/en\/?s={search_term_string}\"},\"query-input\":{\"@type\":\"PropertyValueSpecification\",\"valueRequired\":true,\"valueName\":\"search_term_string\"}}],\"inLanguage\":\"en-US\"},{\"@type\":\"Organization\",\"@id\":\"https:\/\/bilingual.hu\/en\/#organization\",\"name\":\"Bilingual\",\"url\":\"https:\/\/bilingual.hu\/en\/\",\"logo\":{\"@type\":\"ImageObject\",\"inLanguage\":\"en-US\",\"@id\":\"https:\/\/bilingual.hu\/en\/#\/schema\/logo\/image\/\",\"url\":\"https:\/\/bilingual.hu\/app\/uploads\/2024\/08\/Property-1Variant2.svg\",\"contentUrl\":\"https:\/\/bilingual.hu\/app\/uploads\/2024\/08\/Property-1Variant2.svg\",\"caption\":\"Bilingual\"},\"image\":{\"@id\":\"https:\/\/bilingual.hu\/en\/#\/schema\/logo\/image\/\"},\"sameAs\":[\"https:\/\/www.facebook.com\/bilingual.hu\",\"https:\/\/www.instagram.com\/bilingual.hu\/\",\"https:\/\/www.youtube.com\/channel\/UCr0fdfvgn1CRi0YwFT5LwEg\/videos\"]},{\"@type\":\"Person\",\"@id\":\"https:\/\/bilingual.hu\/en\/#\/schema\/person\/986159d80cb9ddc3af1ba281e95d213c\",\"name\":\"Tihanyi Szabolcs\",\"image\":{\"@type\":\"ImageObject\",\"inLanguage\":\"en-US\",\"@id\":\"https:\/\/bilingual.hu\/en\/#\/schema\/person\/image\/\",\"url\":\"https:\/\/secure.gravatar.com\/avatar\/f83b0fcedbe799e59c24a092bfc2e64cde40c3e09348b197b8031d9de5e2112b?s=96&d=mm&r=g\",\"contentUrl\":\"https:\/\/secure.gravatar.com\/avatar\/f83b0fcedbe799e59c24a092bfc2e64cde40c3e09348b197b8031d9de5e2112b?s=96&d=mm&r=g\",\"caption\":\"Tihanyi Szabolcs\"}}]}<\/script>\n<!-- \/ Yoast SEO plugin. -->","yoast_head_json":{"title":"ERASMUS + DIGITAL EXCHANGE FOR 21ST CENTURY SKILLS DEVELOPMENT! - Bilingual","robots":{"index":"index","follow":"follow","max-snippet":"max-snippet:-1","max-image-preview":"max-image-preview:large","max-video-preview":"max-video-preview:-1"},"canonical":"https:\/\/bilingual.hu\/en\/erasmus-digitalis-csereprogram-a-21-szazadi-keszsegfejlesztesert\/","og_locale":"en_US","og_type":"article","og_title":"ERASMUS + DIGITAL EXCHANGE FOR 21ST CENTURY SKILLS DEVELOPMENT! - Bilingual","og_description":"The Erasmus+ Digital Exchange Program ended with an award ceremony last Friday (October 8, 2021). The Hungarian project week was organized by the Bilingual Program along with our partners, KSG Apeldoorn high school from the Netherlands and Sv. Kliment Ohridski high school in North Macedonia. You can watch the closing speech\u00a0and the award ceremony in [&hellip;]","og_url":"https:\/\/bilingual.hu\/en\/erasmus-digitalis-csereprogram-a-21-szazadi-keszsegfejlesztesert\/","og_site_name":"Bilingual","article_publisher":"https:\/\/www.facebook.com\/bilingual.hu","article_published_time":"2021-10-12T19:29:47+00:00","article_modified_time":"2024-08-05T12:46:06+00:00","og_image":[{"width":700,"height":525,"url":"https:\/\/bilingual.hu\/app\/uploads\/2024\/07\/kep1.jpg","type":"image\/jpeg"}],"author":"Tihanyi Szabolcs","twitter_card":"summary_large_image","twitter_misc":{"Written by":"Tihanyi Szabolcs","Est. reading time":"3 minutes"},"schema":{"@context":"https:\/\/schema.org","@graph":[{"@type":"Article","@id":"https:\/\/bilingual.hu\/en\/erasmus-digitalis-csereprogram-a-21-szazadi-keszsegfejlesztesert\/#article","isPartOf":{"@id":"https:\/\/bilingual.hu\/en\/erasmus-digitalis-csereprogram-a-21-szazadi-keszsegfejlesztesert\/"},"author":{"name":"Tihanyi Szabolcs","@id":"https:\/\/bilingual.hu\/en\/#\/schema\/person\/986159d80cb9ddc3af1ba281e95d213c"},"headline":"ERASMUS + DIGITAL EXCHANGE FOR 21ST CENTURY SKILLS DEVELOPMENT!","datePublished":"2021-10-12T19:29:47+00:00","dateModified":"2024-08-05T12:46:06+00:00","mainEntityOfPage":{"@id":"https:\/\/bilingual.hu\/en\/erasmus-digitalis-csereprogram-a-21-szazadi-keszsegfejlesztesert\/"},"wordCount":459,"publisher":{"@id":"https:\/\/bilingual.hu\/en\/#organization"},"image":{"@id":"https:\/\/bilingual.hu\/en\/erasmus-digitalis-csereprogram-a-21-szazadi-keszsegfejlesztesert\/#primaryimage"},"thumbnailUrl":"https:\/\/bilingual.hu\/app\/uploads\/2024\/07\/kep1.jpg","articleSection":["\u00c1ltal\u00e1nos iskolai program","Gimn\u00e1ziumi program"],"inLanguage":"en-US"},{"@type":"WebPage","@id":"https:\/\/bilingual.hu\/en\/erasmus-digitalis-csereprogram-a-21-szazadi-keszsegfejlesztesert\/","url":"https:\/\/bilingual.hu\/en\/erasmus-digitalis-csereprogram-a-21-szazadi-keszsegfejlesztesert\/","name":"ERASMUS + DIGITAL EXCHANGE FOR 21ST CENTURY SKILLS DEVELOPMENT! - Bilingual","isPartOf":{"@id":"https:\/\/bilingual.hu\/en\/#website"},"primaryImageOfPage":{"@id":"https:\/\/bilingual.hu\/en\/erasmus-digitalis-csereprogram-a-21-szazadi-keszsegfejlesztesert\/#primaryimage"},"image":{"@id":"https:\/\/bilingual.hu\/en\/erasmus-digitalis-csereprogram-a-21-szazadi-keszsegfejlesztesert\/#primaryimage"},"thumbnailUrl":"https:\/\/bilingual.hu\/app\/uploads\/2024\/07\/kep1.jpg","datePublished":"2021-10-12T19:29:47+00:00","dateModified":"2024-08-05T12:46:06+00:00","breadcrumb":{"@id":"https:\/\/bilingual.hu\/en\/erasmus-digitalis-csereprogram-a-21-szazadi-keszsegfejlesztesert\/#breadcrumb"},"inLanguage":"en-US","potentialAction":[{"@type":"ReadAction","target":["https:\/\/bilingual.hu\/en\/erasmus-digitalis-csereprogram-a-21-szazadi-keszsegfejlesztesert\/"]}]},{"@type":"ImageObject","inLanguage":"en-US","@id":"https:\/\/bilingual.hu\/en\/erasmus-digitalis-csereprogram-a-21-szazadi-keszsegfejlesztesert\/#primaryimage","url":"https:\/\/bilingual.hu\/app\/uploads\/2024\/07\/kep1.jpg","contentUrl":"https:\/\/bilingual.hu\/app\/uploads\/2024\/07\/kep1.jpg","width":700,"height":525},{"@type":"BreadcrumbList","@id":"https:\/\/bilingual.hu\/en\/erasmus-digitalis-csereprogram-a-21-szazadi-keszsegfejlesztesert\/#breadcrumb","itemListElement":[{"@type":"ListItem","position":1,"name":"&nbsp;","item":"https:\/\/bilingual.hu\/en\/"},{"@type":"ListItem","position":2,"name":"ERASMUS + DIGITAL EXCHANGE FOR 21ST CENTURY SKILLS DEVELOPMENT!"}]},{"@type":"WebSite","@id":"https:\/\/bilingual.hu\/en\/#website","url":"https:\/\/bilingual.hu\/en\/","name":"Bilingual","description":"A Bilingual Program egy intenz\u00edv k\u00e9tnyelv\u0171 k\u00e9pz\u00e9s.","publisher":{"@id":"https:\/\/bilingual.hu\/en\/#organization"},"potentialAction":[{"@type":"SearchAction","target":{"@type":"EntryPoint","urlTemplate":"https:\/\/bilingual.hu\/en\/?s={search_term_string}"},"query-input":{"@type":"PropertyValueSpecification","valueRequired":true,"valueName":"search_term_string"}}],"inLanguage":"en-US"},{"@type":"Organization","@id":"https:\/\/bilingual.hu\/en\/#organization","name":"Bilingual","url":"https:\/\/bilingual.hu\/en\/","logo":{"@type":"ImageObject","inLanguage":"en-US","@id":"https:\/\/bilingual.hu\/en\/#\/schema\/logo\/image\/","url":"https:\/\/bilingual.hu\/app\/uploads\/2024\/08\/Property-1Variant2.svg","contentUrl":"https:\/\/bilingual.hu\/app\/uploads\/2024\/08\/Property-1Variant2.svg","caption":"Bilingual"},"image":{"@id":"https:\/\/bilingual.hu\/en\/#\/schema\/logo\/image\/"},"sameAs":["https:\/\/www.facebook.com\/bilingual.hu","https:\/\/www.instagram.com\/bilingual.hu\/","https:\/\/www.youtube.com\/channel\/UCr0fdfvgn1CRi0YwFT5LwEg\/videos"]},{"@type":"Person","@id":"https:\/\/bilingual.hu\/en\/#\/schema\/person\/986159d80cb9ddc3af1ba281e95d213c","name":"Tihanyi Szabolcs","image":{"@type":"ImageObject","inLanguage":"en-US","@id":"https:\/\/bilingual.hu\/en\/#\/schema\/person\/image\/","url":"https:\/\/secure.gravatar.com\/avatar\/f83b0fcedbe799e59c24a092bfc2e64cde40c3e09348b197b8031d9de5e2112b?s=96&d=mm&r=g","contentUrl":"https:\/\/secure.gravatar.com\/avatar\/f83b0fcedbe799e59c24a092bfc2e64cde40c3e09348b197b8031d9de5e2112b?s=96&d=mm&r=g","caption":"Tihanyi Szabolcs"}}]}},"_links":{"self":[{"href":"https:\/\/bilingual.hu\/en\/wp-json\/wp\/v2\/posts\/3152","targetHints":{"allow":["GET"]}}],"collection":[{"href":"https:\/\/bilingual.hu\/en\/wp-json\/wp\/v2\/posts"}],"about":[{"href":"https:\/\/bilingual.hu\/en\/wp-json\/wp\/v2\/types\/post"}],"author":[{"embeddable":true,"href":"https:\/\/bilingual.hu\/en\/wp-json\/wp\/v2\/users\/8"}],"replies":[{"embeddable":true,"href":"https:\/\/bilingual.hu\/en\/wp-json\/wp\/v2\/comments?post=3152"}],"version-history":[{"count":1,"href":"https:\/\/bilingual.hu\/en\/wp-json\/wp\/v2\/posts\/3152\/revisions"}],"predecessor-version":[{"id":3742,"href":"https:\/\/bilingual.hu\/en\/wp-json\/wp\/v2\/posts\/3152\/revisions\/3742"}],"wp:featuredmedia":[{"embeddable":true,"href":"https:\/\/bilingual.hu\/en\/wp-json\/wp\/v2\/media\/2921"}],"wp:attachment":[{"href":"https:\/\/bilingual.hu\/en\/wp-json\/wp\/v2\/media?parent=3152"}],"wp:term":[{"taxonomy":"category","embeddable":true,"href":"https:\/\/bilingual.hu\/en\/wp-json\/wp\/v2\/categories?post=3152"},{"taxonomy":"post_tag","embeddable":true,"href":"https:\/\/bilingual.hu\/en\/wp-json\/wp\/v2\/tags?post=3152"}],"curies":[{"name":"wp","href":"https:\/\/api.w.org\/{rel}","templated":true}]}}