{"id":3124,"date":"2022-09-29T22:45:50","date_gmt":"2022-09-29T20:45:50","guid":{"rendered":"https:\/\/bilingual.hu\/bilingual-family-day-2022-koszonjuk\/"},"modified":"2024-08-05T13:55:45","modified_gmt":"2024-08-05T11:55:45","slug":"bilingual-family-day-2022-koszonjuk","status":"publish","type":"post","link":"https:\/\/bilingual.hu\/en\/bilingual-family-day-2022-koszonjuk\/","title":{"rendered":"BILINGUAL FAMILY DAY 2022 \u2013 THANK YOU&#8230;"},"content":{"rendered":"<p>We would like to say <strong>Thank You<\/strong> to all the participants: children, parents and teachers who spent that joyful Saturday morning with us on September 17, 2022!<\/p>\n<p>Bilingual Family Day was hosted by Sz\u00e9chenyi Istv\u00e1n Primary School this year. The event was opened by \u00c9va Gy\u00f6rke-Szil\u00e1gyi, Managing Director of the Bilingual Program and on behalf of the city of Budakeszi, dr. Hargita D\u00f6m\u00f6t\u00f6rn\u00e9 Papp, President of the Education, Culture and Health Committee.<\/p>\n<p>This year, the participating children and their family members visited the native English-speaking teachers of the Bilingual Program on the <strong>magical islands of the Bilingual Ocean<\/strong>, where they collected stamps in their passports for completing various creative, sports, and arts&amp;crafts activities, which they eventually exchanged for gifts.<\/p>\n<p><strong>Results announcement:<\/strong><\/p>\n<p>In the school class\/kindergarten group stamp collecting competition, the winning class collected <strong>226 stamps<\/strong>, well above the per capita results of the other groups\/classes.<\/p>\n<p>They are <strong>SZIA Budakeszi 1.a<\/strong>!<\/p>\n<p><strong>Congratulations!<\/strong> Their reward is a community building class program selected for them by their native English-speaking teachers and form teacher.<\/p>\n<p>On the day of the event, last year\u2019s 8th graders, who have since graduated, received their official Cambridge Exam certificate from their proud, former native English-speaking teachers as part of the <strong>Cambridge Certificate Ceremony<\/strong>.<\/p>\n<p>Here is a slide-show of the event:<\/p>\n<p><iframe loading=\"lazy\" title=\"YouTube video player\" src=\"https:\/\/www.youtube.com\/embed\/6SDqMHgtTdE\" width=\"560\" height=\"315\" frameborder=\"0\" allowfullscreen=\"allowfullscreen\" data-mce-fragment=\"1\"><\/iframe><\/p>\n<p>We look forward to seeing you all in September 2023!<\/p>\n","protected":false},"excerpt":{"rendered":"<p>We would like to say Thank You to all the participants: children, parents and teachers who spent that joyful Saturday morning with us on September 17, 2022! Bilingual Family Day was hosted by Sz\u00e9chenyi Istv\u00e1n Primary School this year. The event was opened by \u00c9va Gy\u00f6rke-Szil\u00e1gyi, Managing Director of the Bilingual Program and on behalf [&hellip;]<\/p>\n","protected":false},"author":8,"featured_media":2944,"comment_status":"closed","ping_status":"closed","sticky":false,"template":"","format":"standard","meta":{"_acf_changed":false,"footnotes":""},"categories":[31],"tags":[],"class_list":["post-3124","post","type-post","status-publish","format-standard","has-post-thumbnail","hentry","category-alt-isk-prog-en"],"acf":[],"yoast_head":"<!-- This site is optimized with the Yoast SEO plugin v26.0 - https:\/\/yoast.com\/wordpress\/plugins\/seo\/ -->\n<title>BILINGUAL FAMILY DAY 2022 \u2013 THANK YOU... - Bilingual<\/title>\n<meta name=\"robots\" content=\"index, follow, max-snippet:-1, max-image-preview:large, max-video-preview:-1\" \/>\n<link rel=\"canonical\" href=\"https:\/\/bilingual.hu\/en\/bilingual-family-day-2022-koszonjuk\/\" \/>\n<meta property=\"og:locale\" content=\"en_US\" \/>\n<meta property=\"og:type\" content=\"article\" \/>\n<meta property=\"og:title\" content=\"BILINGUAL FAMILY DAY 2022 \u2013 THANK YOU... - Bilingual\" \/>\n<meta property=\"og:description\" content=\"We would like to say Thank You to all the participants: children, parents and teachers who spent that joyful Saturday morning with us on September 17, 2022! Bilingual Family Day was hosted by Sz\u00e9chenyi Istv\u00e1n Primary School this year. The event was opened by \u00c9va Gy\u00f6rke-Szil\u00e1gyi, Managing Director of the Bilingual Program and on behalf [&hellip;]\" \/>\n<meta property=\"og:url\" content=\"https:\/\/bilingual.hu\/en\/bilingual-family-day-2022-koszonjuk\/\" \/>\n<meta property=\"og:site_name\" content=\"Bilingual\" \/>\n<meta property=\"article:publisher\" content=\"https:\/\/www.facebook.com\/bilingual.hu\" \/>\n<meta property=\"article:published_time\" content=\"2022-09-29T20:45:50+00:00\" \/>\n<meta property=\"article:modified_time\" content=\"2024-08-05T11:55:45+00:00\" \/>\n<meta property=\"og:image\" content=\"https:\/\/bilingual.hu\/app\/uploads\/2024\/07\/bilingual_passport_cover_rgb.jpg\" \/>\n\t<meta property=\"og:image:width\" content=\"700\" \/>\n\t<meta property=\"og:image:height\" content=\"525\" \/>\n\t<meta property=\"og:image:type\" content=\"image\/jpeg\" \/>\n<meta name=\"author\" content=\"Tihanyi Szabolcs\" \/>\n<meta name=\"twitter:card\" content=\"summary_large_image\" \/>\n<meta name=\"twitter:label1\" content=\"Written by\" \/>\n\t<meta name=\"twitter:data1\" content=\"Tihanyi Szabolcs\" \/>\n\t<meta name=\"twitter:label2\" content=\"Est. reading time\" \/>\n\t<meta name=\"twitter:data2\" content=\"2 minutes\" \/>\n<script type=\"application\/ld+json\" class=\"yoast-schema-graph\">{\"@context\":\"https:\/\/schema.org\",\"@graph\":[{\"@type\":\"Article\",\"@id\":\"https:\/\/bilingual.hu\/en\/bilingual-family-day-2022-koszonjuk\/#article\",\"isPartOf\":{\"@id\":\"https:\/\/bilingual.hu\/en\/bilingual-family-day-2022-koszonjuk\/\"},\"author\":{\"name\":\"Tihanyi Szabolcs\",\"@id\":\"https:\/\/bilingual.hu\/en\/#\/schema\/person\/986159d80cb9ddc3af1ba281e95d213c\"},\"headline\":\"BILINGUAL FAMILY DAY 2022 \u2013 THANK YOU&#8230;\",\"datePublished\":\"2022-09-29T20:45:50+00:00\",\"dateModified\":\"2024-08-05T11:55:45+00:00\",\"mainEntityOfPage\":{\"@id\":\"https:\/\/bilingual.hu\/en\/bilingual-family-day-2022-koszonjuk\/\"},\"wordCount\":234,\"publisher\":{\"@id\":\"https:\/\/bilingual.hu\/en\/#organization\"},\"image\":{\"@id\":\"https:\/\/bilingual.hu\/en\/bilingual-family-day-2022-koszonjuk\/#primaryimage\"},\"thumbnailUrl\":\"https:\/\/bilingual.hu\/app\/uploads\/2024\/07\/bilingual_passport_cover_rgb.jpg\",\"articleSection\":[\"\u00c1ltal\u00e1nos iskolai program\"],\"inLanguage\":\"en-US\"},{\"@type\":\"WebPage\",\"@id\":\"https:\/\/bilingual.hu\/en\/bilingual-family-day-2022-koszonjuk\/\",\"url\":\"https:\/\/bilingual.hu\/en\/bilingual-family-day-2022-koszonjuk\/\",\"name\":\"BILINGUAL FAMILY DAY 2022 \u2013 THANK YOU... - Bilingual\",\"isPartOf\":{\"@id\":\"https:\/\/bilingual.hu\/en\/#website\"},\"primaryImageOfPage\":{\"@id\":\"https:\/\/bilingual.hu\/en\/bilingual-family-day-2022-koszonjuk\/#primaryimage\"},\"image\":{\"@id\":\"https:\/\/bilingual.hu\/en\/bilingual-family-day-2022-koszonjuk\/#primaryimage\"},\"thumbnailUrl\":\"https:\/\/bilingual.hu\/app\/uploads\/2024\/07\/bilingual_passport_cover_rgb.jpg\",\"datePublished\":\"2022-09-29T20:45:50+00:00\",\"dateModified\":\"2024-08-05T11:55:45+00:00\",\"breadcrumb\":{\"@id\":\"https:\/\/bilingual.hu\/en\/bilingual-family-day-2022-koszonjuk\/#breadcrumb\"},\"inLanguage\":\"en-US\",\"potentialAction\":[{\"@type\":\"ReadAction\",\"target\":[\"https:\/\/bilingual.hu\/en\/bilingual-family-day-2022-koszonjuk\/\"]}]},{\"@type\":\"ImageObject\",\"inLanguage\":\"en-US\",\"@id\":\"https:\/\/bilingual.hu\/en\/bilingual-family-day-2022-koszonjuk\/#primaryimage\",\"url\":\"https:\/\/bilingual.hu\/app\/uploads\/2024\/07\/bilingual_passport_cover_rgb.jpg\",\"contentUrl\":\"https:\/\/bilingual.hu\/app\/uploads\/2024\/07\/bilingual_passport_cover_rgb.jpg\",\"width\":700,\"height\":525},{\"@type\":\"BreadcrumbList\",\"@id\":\"https:\/\/bilingual.hu\/en\/bilingual-family-day-2022-koszonjuk\/#breadcrumb\",\"itemListElement\":[{\"@type\":\"ListItem\",\"position\":1,\"name\":\"&nbsp;\",\"item\":\"https:\/\/bilingual.hu\/en\/\"},{\"@type\":\"ListItem\",\"position\":2,\"name\":\"BILINGUAL FAMILY DAY 2022 \u2013 THANK YOU&#8230;\"}]},{\"@type\":\"WebSite\",\"@id\":\"https:\/\/bilingual.hu\/en\/#website\",\"url\":\"https:\/\/bilingual.hu\/en\/\",\"name\":\"Bilingual\",\"description\":\"A Bilingual Program egy intenz\u00edv k\u00e9tnyelv\u0171 k\u00e9pz\u00e9s.\",\"publisher\":{\"@id\":\"https:\/\/bilingual.hu\/en\/#organization\"},\"potentialAction\":[{\"@type\":\"SearchAction\",\"target\":{\"@type\":\"EntryPoint\",\"urlTemplate\":\"https:\/\/bilingual.hu\/en\/?s={search_term_string}\"},\"query-input\":{\"@type\":\"PropertyValueSpecification\",\"valueRequired\":true,\"valueName\":\"search_term_string\"}}],\"inLanguage\":\"en-US\"},{\"@type\":\"Organization\",\"@id\":\"https:\/\/bilingual.hu\/en\/#organization\",\"name\":\"Bilingual\",\"url\":\"https:\/\/bilingual.hu\/en\/\",\"logo\":{\"@type\":\"ImageObject\",\"inLanguage\":\"en-US\",\"@id\":\"https:\/\/bilingual.hu\/en\/#\/schema\/logo\/image\/\",\"url\":\"https:\/\/bilingual.hu\/app\/uploads\/2024\/08\/Property-1Variant2.svg\",\"contentUrl\":\"https:\/\/bilingual.hu\/app\/uploads\/2024\/08\/Property-1Variant2.svg\",\"caption\":\"Bilingual\"},\"image\":{\"@id\":\"https:\/\/bilingual.hu\/en\/#\/schema\/logo\/image\/\"},\"sameAs\":[\"https:\/\/www.facebook.com\/bilingual.hu\",\"https:\/\/www.instagram.com\/bilingual.hu\/\",\"https:\/\/www.youtube.com\/channel\/UCr0fdfvgn1CRi0YwFT5LwEg\/videos\"]},{\"@type\":\"Person\",\"@id\":\"https:\/\/bilingual.hu\/en\/#\/schema\/person\/986159d80cb9ddc3af1ba281e95d213c\",\"name\":\"Tihanyi Szabolcs\",\"image\":{\"@type\":\"ImageObject\",\"inLanguage\":\"en-US\",\"@id\":\"https:\/\/bilingual.hu\/en\/#\/schema\/person\/image\/\",\"url\":\"https:\/\/secure.gravatar.com\/avatar\/f83b0fcedbe799e59c24a092bfc2e64cde40c3e09348b197b8031d9de5e2112b?s=96&d=mm&r=g\",\"contentUrl\":\"https:\/\/secure.gravatar.com\/avatar\/f83b0fcedbe799e59c24a092bfc2e64cde40c3e09348b197b8031d9de5e2112b?s=96&d=mm&r=g\",\"caption\":\"Tihanyi Szabolcs\"}}]}<\/script>\n<!-- \/ Yoast SEO plugin. -->","yoast_head_json":{"title":"BILINGUAL FAMILY DAY 2022 \u2013 THANK YOU... - Bilingual","robots":{"index":"index","follow":"follow","max-snippet":"max-snippet:-1","max-image-preview":"max-image-preview:large","max-video-preview":"max-video-preview:-1"},"canonical":"https:\/\/bilingual.hu\/en\/bilingual-family-day-2022-koszonjuk\/","og_locale":"en_US","og_type":"article","og_title":"BILINGUAL FAMILY DAY 2022 \u2013 THANK YOU... - Bilingual","og_description":"We would like to say Thank You to all the participants: children, parents and teachers who spent that joyful Saturday morning with us on September 17, 2022! Bilingual Family Day was hosted by Sz\u00e9chenyi Istv\u00e1n Primary School this year. The event was opened by \u00c9va Gy\u00f6rke-Szil\u00e1gyi, Managing Director of the Bilingual Program and on behalf [&hellip;]","og_url":"https:\/\/bilingual.hu\/en\/bilingual-family-day-2022-koszonjuk\/","og_site_name":"Bilingual","article_publisher":"https:\/\/www.facebook.com\/bilingual.hu","article_published_time":"2022-09-29T20:45:50+00:00","article_modified_time":"2024-08-05T11:55:45+00:00","og_image":[{"width":700,"height":525,"url":"https:\/\/bilingual.hu\/app\/uploads\/2024\/07\/bilingual_passport_cover_rgb.jpg","type":"image\/jpeg"}],"author":"Tihanyi Szabolcs","twitter_card":"summary_large_image","twitter_misc":{"Written by":"Tihanyi Szabolcs","Est. reading time":"2 minutes"},"schema":{"@context":"https:\/\/schema.org","@graph":[{"@type":"Article","@id":"https:\/\/bilingual.hu\/en\/bilingual-family-day-2022-koszonjuk\/#article","isPartOf":{"@id":"https:\/\/bilingual.hu\/en\/bilingual-family-day-2022-koszonjuk\/"},"author":{"name":"Tihanyi Szabolcs","@id":"https:\/\/bilingual.hu\/en\/#\/schema\/person\/986159d80cb9ddc3af1ba281e95d213c"},"headline":"BILINGUAL FAMILY DAY 2022 \u2013 THANK YOU&#8230;","datePublished":"2022-09-29T20:45:50+00:00","dateModified":"2024-08-05T11:55:45+00:00","mainEntityOfPage":{"@id":"https:\/\/bilingual.hu\/en\/bilingual-family-day-2022-koszonjuk\/"},"wordCount":234,"publisher":{"@id":"https:\/\/bilingual.hu\/en\/#organization"},"image":{"@id":"https:\/\/bilingual.hu\/en\/bilingual-family-day-2022-koszonjuk\/#primaryimage"},"thumbnailUrl":"https:\/\/bilingual.hu\/app\/uploads\/2024\/07\/bilingual_passport_cover_rgb.jpg","articleSection":["\u00c1ltal\u00e1nos iskolai program"],"inLanguage":"en-US"},{"@type":"WebPage","@id":"https:\/\/bilingual.hu\/en\/bilingual-family-day-2022-koszonjuk\/","url":"https:\/\/bilingual.hu\/en\/bilingual-family-day-2022-koszonjuk\/","name":"BILINGUAL FAMILY DAY 2022 \u2013 THANK YOU... - Bilingual","isPartOf":{"@id":"https:\/\/bilingual.hu\/en\/#website"},"primaryImageOfPage":{"@id":"https:\/\/bilingual.hu\/en\/bilingual-family-day-2022-koszonjuk\/#primaryimage"},"image":{"@id":"https:\/\/bilingual.hu\/en\/bilingual-family-day-2022-koszonjuk\/#primaryimage"},"thumbnailUrl":"https:\/\/bilingual.hu\/app\/uploads\/2024\/07\/bilingual_passport_cover_rgb.jpg","datePublished":"2022-09-29T20:45:50+00:00","dateModified":"2024-08-05T11:55:45+00:00","breadcrumb":{"@id":"https:\/\/bilingual.hu\/en\/bilingual-family-day-2022-koszonjuk\/#breadcrumb"},"inLanguage":"en-US","potentialAction":[{"@type":"ReadAction","target":["https:\/\/bilingual.hu\/en\/bilingual-family-day-2022-koszonjuk\/"]}]},{"@type":"ImageObject","inLanguage":"en-US","@id":"https:\/\/bilingual.hu\/en\/bilingual-family-day-2022-koszonjuk\/#primaryimage","url":"https:\/\/bilingual.hu\/app\/uploads\/2024\/07\/bilingual_passport_cover_rgb.jpg","contentUrl":"https:\/\/bilingual.hu\/app\/uploads\/2024\/07\/bilingual_passport_cover_rgb.jpg","width":700,"height":525},{"@type":"BreadcrumbList","@id":"https:\/\/bilingual.hu\/en\/bilingual-family-day-2022-koszonjuk\/#breadcrumb","itemListElement":[{"@type":"ListItem","position":1,"name":"&nbsp;","item":"https:\/\/bilingual.hu\/en\/"},{"@type":"ListItem","position":2,"name":"BILINGUAL FAMILY DAY 2022 \u2013 THANK YOU&#8230;"}]},{"@type":"WebSite","@id":"https:\/\/bilingual.hu\/en\/#website","url":"https:\/\/bilingual.hu\/en\/","name":"Bilingual","description":"A Bilingual Program egy intenz\u00edv k\u00e9tnyelv\u0171 k\u00e9pz\u00e9s.","publisher":{"@id":"https:\/\/bilingual.hu\/en\/#organization"},"potentialAction":[{"@type":"SearchAction","target":{"@type":"EntryPoint","urlTemplate":"https:\/\/bilingual.hu\/en\/?s={search_term_string}"},"query-input":{"@type":"PropertyValueSpecification","valueRequired":true,"valueName":"search_term_string"}}],"inLanguage":"en-US"},{"@type":"Organization","@id":"https:\/\/bilingual.hu\/en\/#organization","name":"Bilingual","url":"https:\/\/bilingual.hu\/en\/","logo":{"@type":"ImageObject","inLanguage":"en-US","@id":"https:\/\/bilingual.hu\/en\/#\/schema\/logo\/image\/","url":"https:\/\/bilingual.hu\/app\/uploads\/2024\/08\/Property-1Variant2.svg","contentUrl":"https:\/\/bilingual.hu\/app\/uploads\/2024\/08\/Property-1Variant2.svg","caption":"Bilingual"},"image":{"@id":"https:\/\/bilingual.hu\/en\/#\/schema\/logo\/image\/"},"sameAs":["https:\/\/www.facebook.com\/bilingual.hu","https:\/\/www.instagram.com\/bilingual.hu\/","https:\/\/www.youtube.com\/channel\/UCr0fdfvgn1CRi0YwFT5LwEg\/videos"]},{"@type":"Person","@id":"https:\/\/bilingual.hu\/en\/#\/schema\/person\/986159d80cb9ddc3af1ba281e95d213c","name":"Tihanyi Szabolcs","image":{"@type":"ImageObject","inLanguage":"en-US","@id":"https:\/\/bilingual.hu\/en\/#\/schema\/person\/image\/","url":"https:\/\/secure.gravatar.com\/avatar\/f83b0fcedbe799e59c24a092bfc2e64cde40c3e09348b197b8031d9de5e2112b?s=96&d=mm&r=g","contentUrl":"https:\/\/secure.gravatar.com\/avatar\/f83b0fcedbe799e59c24a092bfc2e64cde40c3e09348b197b8031d9de5e2112b?s=96&d=mm&r=g","caption":"Tihanyi Szabolcs"}}]}},"_links":{"self":[{"href":"https:\/\/bilingual.hu\/en\/wp-json\/wp\/v2\/posts\/3124","targetHints":{"allow":["GET"]}}],"collection":[{"href":"https:\/\/bilingual.hu\/en\/wp-json\/wp\/v2\/posts"}],"about":[{"href":"https:\/\/bilingual.hu\/en\/wp-json\/wp\/v2\/types\/post"}],"author":[{"embeddable":true,"href":"https:\/\/bilingual.hu\/en\/wp-json\/wp\/v2\/users\/8"}],"replies":[{"embeddable":true,"href":"https:\/\/bilingual.hu\/en\/wp-json\/wp\/v2\/comments?post=3124"}],"version-history":[{"count":1,"href":"https:\/\/bilingual.hu\/en\/wp-json\/wp\/v2\/posts\/3124\/revisions"}],"predecessor-version":[{"id":3709,"href":"https:\/\/bilingual.hu\/en\/wp-json\/wp\/v2\/posts\/3124\/revisions\/3709"}],"wp:featuredmedia":[{"embeddable":true,"href":"https:\/\/bilingual.hu\/en\/wp-json\/wp\/v2\/media\/2944"}],"wp:attachment":[{"href":"https:\/\/bilingual.hu\/en\/wp-json\/wp\/v2\/media?parent=3124"}],"wp:term":[{"taxonomy":"category","embeddable":true,"href":"https:\/\/bilingual.hu\/en\/wp-json\/wp\/v2\/categories?post=3124"},{"taxonomy":"post_tag","embeddable":true,"href":"https:\/\/bilingual.hu\/en\/wp-json\/wp\/v2\/tags?post=3124"}],"curies":[{"name":"wp","href":"https:\/\/api.w.org\/{rel}","templated":true}]}}