{"id":3104,"date":"2023-06-12T11:53:13","date_gmt":"2023-06-12T09:53:13","guid":{"rendered":"https:\/\/bilingual.hu\/holland-magyar-nemzetkozi-diakcsereprogram-2023\/"},"modified":"2024-08-05T12:10:13","modified_gmt":"2024-08-05T10:10:13","slug":"holland-magyar-nemzetkozi-diakcsereprogram-2023","status":"publish","type":"post","link":"https:\/\/bilingual.hu\/en\/holland-magyar-nemzetkozi-diakcsereprogram-2023\/","title":{"rendered":"DUTCH-HUNGARIAN INTERNATIONAL STUDENT EXCHANGE PROGRAM 2023"},"content":{"rendered":"<div class=\"post-content\">\n<div class=\"article_content\">\n<div class=\"field field-name-body field-type-text-with-summary field-label-hidden\">\n<div class=\"field-items\">\n<div class=\"field-item even\">\n<p>After the first round of the Dutch-Hungarian Exchange Program in 2019, this year\u00a0 Bilingual partnered up with KSG Apeldoorn again, that runs a Dutch-English bilingual high school program in the Netherlands, in order to enable both Dutch and Hungarian students to experience different cultures through travel, relationship building and collective problem solving.<\/p>\n<p>From April 16th to April 21st, 2023, 16 Bilingual Program students from \u00d3NL-V\u00e1radi, SZIA Budakeszi, and Kr\u00fady schools travelled together to Apeldoorn to experience a week living with a Dutch family, going to a Dutch school, and participating in Dutch cultural programs.<\/p>\n<p>The first day\u00a0 alongside playing &#8220;getting to know you&#8221; games and fun, the Hungarian students prepared for a\u00a0 30km cycling trip the next day to the nearby town of Deventer. On Wednesday, students spent the day working on their &#8220;Lonely Planet&#8221; projects, highlighting the best parts of Apeldoorn and Budapest, as if they were creating a website for tourists.<\/p>\n<p>On Thursday, students spent the whole day exploring Amsterdam, seeing amazing buildings, admiring the canals, and buying souvenirs, of course!<\/p>\n<p>Overall, the Hungarian students were pushed out of their comfort zone by travelling to another country, staying with a new family, participating in an entirely new culture, and they did it with excitement and interest.<\/p>\n<p>Following the Hungarian students\u2019 April visit in the Netherlands it was time for their Dutch counterparts to come to Budapest for a week. The Hungarian week of the Exchange Program in May started off with a J\u00e1nos-hegy hike and was filled with various scavenger hunts across multiple Budapest locations including the \u00d3buda Cemetery, Buda Hills, the Castle and the Museum of Fine Arts. The students even created clay dreamcatchers and played capture the flag in Budakeszi. Kr\u00fady, \u00d3NL-V\u00e1radi, and Budakeszi schools provided space for the group of 32 students for in-school time. Alongside the daily culture, sports, art and history-related activities the students worked on their \u201cLonely Planet\u201d project: they presented these to each other at the end of the exchange program.<\/p>\n<p>What a fun week packed with school activities and active Budapest sightseeing!<\/p>\n<p>According to the feedback received from students after the 2nd week this experience will<\/p>\n<p>contribute to building their skill-set and will be beneficial for their future lives.<\/p>\n<p>Soon-to-be 8th graders get ready! We\u2019ll continue next year!<\/p>\n<p dir=\"ltr\">\n<p dir=\"ltr\">For pictures, please click on the links below:<\/p>\n<p dir=\"ltr\">\n<p dir=\"ltr\"><strong><a href=\"https:\/\/bilingual.hu\/en\/gallery\/dutch-hungarian-student-exchange-program-week-netherlands-2023-04-16-04-21\">WEEK IN THE NETHERLANDS<\/a><\/strong><\/p>\n<p dir=\"ltr\"><strong><a href=\"https:\/\/bilingual.hu\/en\/gallery\/dutch-hungarian-student-exchange-program-hungarian-week-2023-05-20-05-26\">WEEK IN HUNGARY<\/a><\/strong><\/p>\n<\/div>\n<\/div>\n<\/div>\n<\/div>\n<\/div>\n","protected":false},"excerpt":{"rendered":"<p>After the first round of the Dutch-Hungarian Exchange Program in 2019, this year\u00a0 Bilingual partnered up with KSG Apeldoorn again, that runs a Dutch-English bilingual high school program in the Netherlands, in order to enable both Dutch and Hungarian students to experience different cultures through travel, relationship building and collective problem solving. From April 16th [&hellip;]<\/p>\n","protected":false},"author":8,"featured_media":3655,"comment_status":"closed","ping_status":"closed","sticky":false,"template":"","format":"standard","meta":{"_acf_changed":false,"footnotes":""},"categories":[32],"tags":[],"class_list":["post-3104","post","type-post","status-publish","format-standard","has-post-thumbnail","hentry","category-gimnaziumi-program-en"],"acf":[],"yoast_head":"<!-- This site is optimized with the Yoast SEO plugin v26.0 - https:\/\/yoast.com\/wordpress\/plugins\/seo\/ -->\n<title>DUTCH-HUNGARIAN INTERNATIONAL STUDENT EXCHANGE PROGRAM 2023 - Bilingual<\/title>\n<meta name=\"robots\" content=\"index, follow, max-snippet:-1, max-image-preview:large, max-video-preview:-1\" \/>\n<link rel=\"canonical\" href=\"https:\/\/bilingual.hu\/en\/holland-magyar-nemzetkozi-diakcsereprogram-2023\/\" \/>\n<meta property=\"og:locale\" content=\"en_US\" \/>\n<meta property=\"og:type\" content=\"article\" \/>\n<meta property=\"og:title\" content=\"DUTCH-HUNGARIAN INTERNATIONAL STUDENT EXCHANGE PROGRAM 2023 - Bilingual\" \/>\n<meta property=\"og:description\" content=\"After the first round of the Dutch-Hungarian Exchange Program in 2019, this year\u00a0 Bilingual partnered up with KSG Apeldoorn again, that runs a Dutch-English bilingual high school program in the Netherlands, in order to enable both Dutch and Hungarian students to experience different cultures through travel, relationship building and collective problem solving. From April 16th [&hellip;]\" \/>\n<meta property=\"og:url\" content=\"https:\/\/bilingual.hu\/en\/holland-magyar-nemzetkozi-diakcsereprogram-2023\/\" \/>\n<meta property=\"og:site_name\" content=\"Bilingual\" \/>\n<meta property=\"article:publisher\" content=\"https:\/\/www.facebook.com\/bilingual.hu\" \/>\n<meta property=\"article:published_time\" content=\"2023-06-12T09:53:13+00:00\" \/>\n<meta property=\"article:modified_time\" content=\"2024-08-05T10:10:13+00:00\" \/>\n<meta property=\"og:image\" content=\"https:\/\/bilingual.hu\/app\/uploads\/2023\/06\/3_10-scaled.jpg\" \/>\n\t<meta property=\"og:image:width\" content=\"2560\" \/>\n\t<meta property=\"og:image:height\" content=\"2391\" \/>\n\t<meta property=\"og:image:type\" content=\"image\/jpeg\" \/>\n<meta name=\"author\" content=\"Tihanyi Szabolcs\" \/>\n<meta name=\"twitter:card\" content=\"summary_large_image\" \/>\n<meta name=\"twitter:label1\" content=\"Written by\" \/>\n\t<meta name=\"twitter:data1\" content=\"Tihanyi Szabolcs\" \/>\n\t<meta name=\"twitter:label2\" content=\"Est. reading time\" \/>\n\t<meta name=\"twitter:data2\" content=\"3 minutes\" \/>\n<script type=\"application\/ld+json\" class=\"yoast-schema-graph\">{\"@context\":\"https:\/\/schema.org\",\"@graph\":[{\"@type\":\"Article\",\"@id\":\"https:\/\/bilingual.hu\/en\/holland-magyar-nemzetkozi-diakcsereprogram-2023\/#article\",\"isPartOf\":{\"@id\":\"https:\/\/bilingual.hu\/en\/holland-magyar-nemzetkozi-diakcsereprogram-2023\/\"},\"author\":{\"name\":\"Tihanyi Szabolcs\",\"@id\":\"https:\/\/bilingual.hu\/en\/#\/schema\/person\/986159d80cb9ddc3af1ba281e95d213c\"},\"headline\":\"DUTCH-HUNGARIAN INTERNATIONAL STUDENT EXCHANGE PROGRAM 2023\",\"datePublished\":\"2023-06-12T09:53:13+00:00\",\"dateModified\":\"2024-08-05T10:10:13+00:00\",\"mainEntityOfPage\":{\"@id\":\"https:\/\/bilingual.hu\/en\/holland-magyar-nemzetkozi-diakcsereprogram-2023\/\"},\"wordCount\":400,\"publisher\":{\"@id\":\"https:\/\/bilingual.hu\/en\/#organization\"},\"image\":{\"@id\":\"https:\/\/bilingual.hu\/en\/holland-magyar-nemzetkozi-diakcsereprogram-2023\/#primaryimage\"},\"thumbnailUrl\":\"https:\/\/bilingual.hu\/app\/uploads\/2023\/06\/3_10-scaled.jpg\",\"articleSection\":[\"Gimn\u00e1ziumi program\"],\"inLanguage\":\"en-US\"},{\"@type\":\"WebPage\",\"@id\":\"https:\/\/bilingual.hu\/en\/holland-magyar-nemzetkozi-diakcsereprogram-2023\/\",\"url\":\"https:\/\/bilingual.hu\/en\/holland-magyar-nemzetkozi-diakcsereprogram-2023\/\",\"name\":\"DUTCH-HUNGARIAN INTERNATIONAL STUDENT EXCHANGE PROGRAM 2023 - Bilingual\",\"isPartOf\":{\"@id\":\"https:\/\/bilingual.hu\/en\/#website\"},\"primaryImageOfPage\":{\"@id\":\"https:\/\/bilingual.hu\/en\/holland-magyar-nemzetkozi-diakcsereprogram-2023\/#primaryimage\"},\"image\":{\"@id\":\"https:\/\/bilingual.hu\/en\/holland-magyar-nemzetkozi-diakcsereprogram-2023\/#primaryimage\"},\"thumbnailUrl\":\"https:\/\/bilingual.hu\/app\/uploads\/2023\/06\/3_10-scaled.jpg\",\"datePublished\":\"2023-06-12T09:53:13+00:00\",\"dateModified\":\"2024-08-05T10:10:13+00:00\",\"breadcrumb\":{\"@id\":\"https:\/\/bilingual.hu\/en\/holland-magyar-nemzetkozi-diakcsereprogram-2023\/#breadcrumb\"},\"inLanguage\":\"en-US\",\"potentialAction\":[{\"@type\":\"ReadAction\",\"target\":[\"https:\/\/bilingual.hu\/en\/holland-magyar-nemzetkozi-diakcsereprogram-2023\/\"]}]},{\"@type\":\"ImageObject\",\"inLanguage\":\"en-US\",\"@id\":\"https:\/\/bilingual.hu\/en\/holland-magyar-nemzetkozi-diakcsereprogram-2023\/#primaryimage\",\"url\":\"https:\/\/bilingual.hu\/app\/uploads\/2023\/06\/3_10-scaled.jpg\",\"contentUrl\":\"https:\/\/bilingual.hu\/app\/uploads\/2023\/06\/3_10-scaled.jpg\",\"width\":2560,\"height\":2391},{\"@type\":\"BreadcrumbList\",\"@id\":\"https:\/\/bilingual.hu\/en\/holland-magyar-nemzetkozi-diakcsereprogram-2023\/#breadcrumb\",\"itemListElement\":[{\"@type\":\"ListItem\",\"position\":1,\"name\":\"&nbsp;\",\"item\":\"https:\/\/bilingual.hu\/en\/\"},{\"@type\":\"ListItem\",\"position\":2,\"name\":\"DUTCH-HUNGARIAN INTERNATIONAL STUDENT EXCHANGE PROGRAM 2023\"}]},{\"@type\":\"WebSite\",\"@id\":\"https:\/\/bilingual.hu\/en\/#website\",\"url\":\"https:\/\/bilingual.hu\/en\/\",\"name\":\"Bilingual\",\"description\":\"A Bilingual Program egy intenz\u00edv k\u00e9tnyelv\u0171 k\u00e9pz\u00e9s.\",\"publisher\":{\"@id\":\"https:\/\/bilingual.hu\/en\/#organization\"},\"potentialAction\":[{\"@type\":\"SearchAction\",\"target\":{\"@type\":\"EntryPoint\",\"urlTemplate\":\"https:\/\/bilingual.hu\/en\/?s={search_term_string}\"},\"query-input\":{\"@type\":\"PropertyValueSpecification\",\"valueRequired\":true,\"valueName\":\"search_term_string\"}}],\"inLanguage\":\"en-US\"},{\"@type\":\"Organization\",\"@id\":\"https:\/\/bilingual.hu\/en\/#organization\",\"name\":\"Bilingual\",\"url\":\"https:\/\/bilingual.hu\/en\/\",\"logo\":{\"@type\":\"ImageObject\",\"inLanguage\":\"en-US\",\"@id\":\"https:\/\/bilingual.hu\/en\/#\/schema\/logo\/image\/\",\"url\":\"https:\/\/bilingual.hu\/app\/uploads\/2024\/08\/Property-1Variant2.svg\",\"contentUrl\":\"https:\/\/bilingual.hu\/app\/uploads\/2024\/08\/Property-1Variant2.svg\",\"caption\":\"Bilingual\"},\"image\":{\"@id\":\"https:\/\/bilingual.hu\/en\/#\/schema\/logo\/image\/\"},\"sameAs\":[\"https:\/\/www.facebook.com\/bilingual.hu\",\"https:\/\/www.instagram.com\/bilingual.hu\/\",\"https:\/\/www.youtube.com\/channel\/UCr0fdfvgn1CRi0YwFT5LwEg\/videos\"]},{\"@type\":\"Person\",\"@id\":\"https:\/\/bilingual.hu\/en\/#\/schema\/person\/986159d80cb9ddc3af1ba281e95d213c\",\"name\":\"Tihanyi Szabolcs\",\"image\":{\"@type\":\"ImageObject\",\"inLanguage\":\"en-US\",\"@id\":\"https:\/\/bilingual.hu\/en\/#\/schema\/person\/image\/\",\"url\":\"https:\/\/secure.gravatar.com\/avatar\/f83b0fcedbe799e59c24a092bfc2e64cde40c3e09348b197b8031d9de5e2112b?s=96&d=mm&r=g\",\"contentUrl\":\"https:\/\/secure.gravatar.com\/avatar\/f83b0fcedbe799e59c24a092bfc2e64cde40c3e09348b197b8031d9de5e2112b?s=96&d=mm&r=g\",\"caption\":\"Tihanyi Szabolcs\"}}]}<\/script>\n<!-- \/ Yoast SEO plugin. -->","yoast_head_json":{"title":"DUTCH-HUNGARIAN INTERNATIONAL STUDENT EXCHANGE PROGRAM 2023 - Bilingual","robots":{"index":"index","follow":"follow","max-snippet":"max-snippet:-1","max-image-preview":"max-image-preview:large","max-video-preview":"max-video-preview:-1"},"canonical":"https:\/\/bilingual.hu\/en\/holland-magyar-nemzetkozi-diakcsereprogram-2023\/","og_locale":"en_US","og_type":"article","og_title":"DUTCH-HUNGARIAN INTERNATIONAL STUDENT EXCHANGE PROGRAM 2023 - Bilingual","og_description":"After the first round of the Dutch-Hungarian Exchange Program in 2019, this year\u00a0 Bilingual partnered up with KSG Apeldoorn again, that runs a Dutch-English bilingual high school program in the Netherlands, in order to enable both Dutch and Hungarian students to experience different cultures through travel, relationship building and collective problem solving. From April 16th [&hellip;]","og_url":"https:\/\/bilingual.hu\/en\/holland-magyar-nemzetkozi-diakcsereprogram-2023\/","og_site_name":"Bilingual","article_publisher":"https:\/\/www.facebook.com\/bilingual.hu","article_published_time":"2023-06-12T09:53:13+00:00","article_modified_time":"2024-08-05T10:10:13+00:00","og_image":[{"width":2560,"height":2391,"url":"https:\/\/bilingual.hu\/app\/uploads\/2023\/06\/3_10-scaled.jpg","type":"image\/jpeg"}],"author":"Tihanyi Szabolcs","twitter_card":"summary_large_image","twitter_misc":{"Written by":"Tihanyi Szabolcs","Est. reading time":"3 minutes"},"schema":{"@context":"https:\/\/schema.org","@graph":[{"@type":"Article","@id":"https:\/\/bilingual.hu\/en\/holland-magyar-nemzetkozi-diakcsereprogram-2023\/#article","isPartOf":{"@id":"https:\/\/bilingual.hu\/en\/holland-magyar-nemzetkozi-diakcsereprogram-2023\/"},"author":{"name":"Tihanyi Szabolcs","@id":"https:\/\/bilingual.hu\/en\/#\/schema\/person\/986159d80cb9ddc3af1ba281e95d213c"},"headline":"DUTCH-HUNGARIAN INTERNATIONAL STUDENT EXCHANGE PROGRAM 2023","datePublished":"2023-06-12T09:53:13+00:00","dateModified":"2024-08-05T10:10:13+00:00","mainEntityOfPage":{"@id":"https:\/\/bilingual.hu\/en\/holland-magyar-nemzetkozi-diakcsereprogram-2023\/"},"wordCount":400,"publisher":{"@id":"https:\/\/bilingual.hu\/en\/#organization"},"image":{"@id":"https:\/\/bilingual.hu\/en\/holland-magyar-nemzetkozi-diakcsereprogram-2023\/#primaryimage"},"thumbnailUrl":"https:\/\/bilingual.hu\/app\/uploads\/2023\/06\/3_10-scaled.jpg","articleSection":["Gimn\u00e1ziumi program"],"inLanguage":"en-US"},{"@type":"WebPage","@id":"https:\/\/bilingual.hu\/en\/holland-magyar-nemzetkozi-diakcsereprogram-2023\/","url":"https:\/\/bilingual.hu\/en\/holland-magyar-nemzetkozi-diakcsereprogram-2023\/","name":"DUTCH-HUNGARIAN INTERNATIONAL STUDENT EXCHANGE PROGRAM 2023 - Bilingual","isPartOf":{"@id":"https:\/\/bilingual.hu\/en\/#website"},"primaryImageOfPage":{"@id":"https:\/\/bilingual.hu\/en\/holland-magyar-nemzetkozi-diakcsereprogram-2023\/#primaryimage"},"image":{"@id":"https:\/\/bilingual.hu\/en\/holland-magyar-nemzetkozi-diakcsereprogram-2023\/#primaryimage"},"thumbnailUrl":"https:\/\/bilingual.hu\/app\/uploads\/2023\/06\/3_10-scaled.jpg","datePublished":"2023-06-12T09:53:13+00:00","dateModified":"2024-08-05T10:10:13+00:00","breadcrumb":{"@id":"https:\/\/bilingual.hu\/en\/holland-magyar-nemzetkozi-diakcsereprogram-2023\/#breadcrumb"},"inLanguage":"en-US","potentialAction":[{"@type":"ReadAction","target":["https:\/\/bilingual.hu\/en\/holland-magyar-nemzetkozi-diakcsereprogram-2023\/"]}]},{"@type":"ImageObject","inLanguage":"en-US","@id":"https:\/\/bilingual.hu\/en\/holland-magyar-nemzetkozi-diakcsereprogram-2023\/#primaryimage","url":"https:\/\/bilingual.hu\/app\/uploads\/2023\/06\/3_10-scaled.jpg","contentUrl":"https:\/\/bilingual.hu\/app\/uploads\/2023\/06\/3_10-scaled.jpg","width":2560,"height":2391},{"@type":"BreadcrumbList","@id":"https:\/\/bilingual.hu\/en\/holland-magyar-nemzetkozi-diakcsereprogram-2023\/#breadcrumb","itemListElement":[{"@type":"ListItem","position":1,"name":"&nbsp;","item":"https:\/\/bilingual.hu\/en\/"},{"@type":"ListItem","position":2,"name":"DUTCH-HUNGARIAN INTERNATIONAL STUDENT EXCHANGE PROGRAM 2023"}]},{"@type":"WebSite","@id":"https:\/\/bilingual.hu\/en\/#website","url":"https:\/\/bilingual.hu\/en\/","name":"Bilingual","description":"A Bilingual Program egy intenz\u00edv k\u00e9tnyelv\u0171 k\u00e9pz\u00e9s.","publisher":{"@id":"https:\/\/bilingual.hu\/en\/#organization"},"potentialAction":[{"@type":"SearchAction","target":{"@type":"EntryPoint","urlTemplate":"https:\/\/bilingual.hu\/en\/?s={search_term_string}"},"query-input":{"@type":"PropertyValueSpecification","valueRequired":true,"valueName":"search_term_string"}}],"inLanguage":"en-US"},{"@type":"Organization","@id":"https:\/\/bilingual.hu\/en\/#organization","name":"Bilingual","url":"https:\/\/bilingual.hu\/en\/","logo":{"@type":"ImageObject","inLanguage":"en-US","@id":"https:\/\/bilingual.hu\/en\/#\/schema\/logo\/image\/","url":"https:\/\/bilingual.hu\/app\/uploads\/2024\/08\/Property-1Variant2.svg","contentUrl":"https:\/\/bilingual.hu\/app\/uploads\/2024\/08\/Property-1Variant2.svg","caption":"Bilingual"},"image":{"@id":"https:\/\/bilingual.hu\/en\/#\/schema\/logo\/image\/"},"sameAs":["https:\/\/www.facebook.com\/bilingual.hu","https:\/\/www.instagram.com\/bilingual.hu\/","https:\/\/www.youtube.com\/channel\/UCr0fdfvgn1CRi0YwFT5LwEg\/videos"]},{"@type":"Person","@id":"https:\/\/bilingual.hu\/en\/#\/schema\/person\/986159d80cb9ddc3af1ba281e95d213c","name":"Tihanyi Szabolcs","image":{"@type":"ImageObject","inLanguage":"en-US","@id":"https:\/\/bilingual.hu\/en\/#\/schema\/person\/image\/","url":"https:\/\/secure.gravatar.com\/avatar\/f83b0fcedbe799e59c24a092bfc2e64cde40c3e09348b197b8031d9de5e2112b?s=96&d=mm&r=g","contentUrl":"https:\/\/secure.gravatar.com\/avatar\/f83b0fcedbe799e59c24a092bfc2e64cde40c3e09348b197b8031d9de5e2112b?s=96&d=mm&r=g","caption":"Tihanyi Szabolcs"}}]}},"_links":{"self":[{"href":"https:\/\/bilingual.hu\/en\/wp-json\/wp\/v2\/posts\/3104","targetHints":{"allow":["GET"]}}],"collection":[{"href":"https:\/\/bilingual.hu\/en\/wp-json\/wp\/v2\/posts"}],"about":[{"href":"https:\/\/bilingual.hu\/en\/wp-json\/wp\/v2\/types\/post"}],"author":[{"embeddable":true,"href":"https:\/\/bilingual.hu\/en\/wp-json\/wp\/v2\/users\/8"}],"replies":[{"embeddable":true,"href":"https:\/\/bilingual.hu\/en\/wp-json\/wp\/v2\/comments?post=3104"}],"version-history":[{"count":2,"href":"https:\/\/bilingual.hu\/en\/wp-json\/wp\/v2\/posts\/3104\/revisions"}],"predecessor-version":[{"id":3660,"href":"https:\/\/bilingual.hu\/en\/wp-json\/wp\/v2\/posts\/3104\/revisions\/3660"}],"wp:featuredmedia":[{"embeddable":true,"href":"https:\/\/bilingual.hu\/en\/wp-json\/wp\/v2\/media\/3655"}],"wp:attachment":[{"href":"https:\/\/bilingual.hu\/en\/wp-json\/wp\/v2\/media?parent=3104"}],"wp:term":[{"taxonomy":"category","embeddable":true,"href":"https:\/\/bilingual.hu\/en\/wp-json\/wp\/v2\/categories?post=3104"},{"taxonomy":"post_tag","embeddable":true,"href":"https:\/\/bilingual.hu\/en\/wp-json\/wp\/v2\/tags?post=3104"}],"curies":[{"name":"wp","href":"https:\/\/api.w.org\/{rel}","templated":true}]}}