{"id":10810,"date":"2026-09-02T19:56:09","date_gmt":"2026-09-02T17:56:09","guid":{"rendered":"https:\/\/bilingual.hu\/ted-talk-by-grade-8-students-in-english\/"},"modified":"2026-09-02T20:04:10","modified_gmt":"2026-09-02T18:04:10","slug":"ted-talk-by-grade-8-students-in-english","status":"publish","type":"post","link":"https:\/\/bilingual.hu\/en\/ted-talk-by-grade-8-students-in-english\/","title":{"rendered":"TED Talk by Grade 8 students in English?<br\/>"},"content":{"rendered":"\n<div class=\"wp-block-columns is-layout-flex wp-container-core-columns-is-layout-28f84493 wp-block-columns-is-layout-flex\">\n<div class=\"wp-block-column is-layout-flow wp-block-column-is-layout-flow\">\n<p>Bilingual Program Grade 8 students (at our Kr\u00fady Gyula Primary School location) prepared TED Talks in the spring of 2026: this required them to take a topic of their choice and become experts on it.  <\/p>\n\n\n\n<p>The students strengthened their research and source evaluation skills, wrote outlines and script drafts, collaborated with partners to balance speaking time and transitions, and developed engaging visual presentations.<\/p>\n\n\n\n<p>Through this process they became more confident, articulate speakers while building critical-thinking and teamwork skills that will serve them well in high school and beyond.<\/p>\n<\/div>\n\n\n\n<div class=\"wp-block-column is-layout-flow wp-block-column-is-layout-flow\">\n<figure class=\"wp-block-embed is-type-video is-provider-youtube wp-block-embed-youtube wp-embed-aspect-9-16 wp-has-aspect-ratio\"><div class=\"wp-block-embed__wrapper\">\n<iframe loading=\"lazy\" title=\"Bilingual Program TED Talk\" width=\"422\" height=\"750\" src=\"https:\/\/www.youtube.com\/embed\/OsXkDfDU_Vk?feature=oembed\" frameborder=\"0\" allow=\"accelerometer; autoplay; clipboard-write; encrypted-media; gyroscope; picture-in-picture; web-share\" referrerpolicy=\"strict-origin-when-cross-origin\" allowfullscreen><\/iframe>\n<\/div><\/figure>\n<\/div>\n<\/div>\n","protected":false},"excerpt":{"rendered":"<p>Look, how confident, articulate speakers our students become by the end of their primary school studies!<\/p>\n","protected":false},"author":27,"featured_media":10813,"comment_status":"closed","ping_status":"closed","sticky":false,"template":"","format":"standard","meta":{"_acf_changed":false,"footnotes":""},"categories":[2],"tags":[],"class_list":["post-10810","post","type-post","status-publish","format-standard","has-post-thumbnail","hentry","category-uncategorized"],"acf":[],"yoast_head":"<!-- This site is optimized with the Yoast SEO plugin v26.0 - https:\/\/yoast.com\/wordpress\/plugins\/seo\/ -->\n<title>TED Talk by Grade 8 students in English? - Bilingual<\/title>\n<meta name=\"robots\" content=\"index, follow, max-snippet:-1, max-image-preview:large, max-video-preview:-1\" \/>\n<link rel=\"canonical\" href=\"https:\/\/bilingual.hu\/en\/ted-talk-by-grade-8-students-in-english\/\" \/>\n<meta property=\"og:locale\" content=\"en_US\" \/>\n<meta property=\"og:type\" content=\"article\" \/>\n<meta property=\"og:title\" content=\"TED Talk by Grade 8 students in English? - Bilingual\" \/>\n<meta property=\"og:description\" content=\"Look, how confident, articulate speakers our students become by the end of their primary school studies!\" \/>\n<meta property=\"og:url\" content=\"https:\/\/bilingual.hu\/en\/ted-talk-by-grade-8-students-in-english\/\" \/>\n<meta property=\"og:site_name\" content=\"Bilingual\" \/>\n<meta property=\"article:publisher\" content=\"https:\/\/www.facebook.com\/bilingual.hu\" \/>\n<meta property=\"article:published_time\" content=\"2026-09-02T17:56:09+00:00\" \/>\n<meta property=\"article:modified_time\" content=\"2026-09-02T18:04:10+00:00\" \/>\n<meta property=\"og:image\" content=\"https:\/\/bilingual.hu\/app\/uploads\/2026\/09\/ted-mindmap.png\" \/>\n\t<meta property=\"og:image:width\" content=\"583\" \/>\n\t<meta property=\"og:image:height\" content=\"331\" \/>\n\t<meta property=\"og:image:type\" content=\"image\/png\" \/>\n<meta name=\"author\" content=\"Wagner Zolt\u00e1n\" \/>\n<meta name=\"twitter:card\" content=\"summary_large_image\" \/>\n<meta name=\"twitter:label1\" content=\"Written by\" \/>\n\t<meta name=\"twitter:data1\" content=\"Wagner Zolt\u00e1n\" \/>\n<script type=\"application\/ld+json\" class=\"yoast-schema-graph\">{\"@context\":\"https:\/\/schema.org\",\"@graph\":[{\"@type\":\"Article\",\"@id\":\"https:\/\/bilingual.hu\/en\/ted-talk-by-grade-8-students-in-english\/#article\",\"isPartOf\":{\"@id\":\"https:\/\/bilingual.hu\/en\/ted-talk-by-grade-8-students-in-english\/\"},\"author\":{\"name\":\"Wagner Zolt\u00e1n\",\"@id\":\"https:\/\/bilingual.hu\/en\/#\/schema\/person\/f6add0f41f6a70d92b4bf1f6d6c07af5\"},\"headline\":\"TED Talk by Grade 8 students in English?\",\"datePublished\":\"2026-09-02T17:56:09+00:00\",\"dateModified\":\"2026-09-02T18:04:10+00:00\",\"mainEntityOfPage\":{\"@id\":\"https:\/\/bilingual.hu\/en\/ted-talk-by-grade-8-students-in-english\/\"},\"wordCount\":102,\"publisher\":{\"@id\":\"https:\/\/bilingual.hu\/en\/#organization\"},\"image\":{\"@id\":\"https:\/\/bilingual.hu\/en\/ted-talk-by-grade-8-students-in-english\/#primaryimage\"},\"thumbnailUrl\":\"https:\/\/bilingual.hu\/app\/uploads\/2026\/09\/ted-mindmap.png\",\"inLanguage\":\"en-US\"},{\"@type\":\"WebPage\",\"@id\":\"https:\/\/bilingual.hu\/en\/ted-talk-by-grade-8-students-in-english\/\",\"url\":\"https:\/\/bilingual.hu\/en\/ted-talk-by-grade-8-students-in-english\/\",\"name\":\"TED Talk by Grade 8 students in English? - Bilingual\",\"isPartOf\":{\"@id\":\"https:\/\/bilingual.hu\/en\/#website\"},\"primaryImageOfPage\":{\"@id\":\"https:\/\/bilingual.hu\/en\/ted-talk-by-grade-8-students-in-english\/#primaryimage\"},\"image\":{\"@id\":\"https:\/\/bilingual.hu\/en\/ted-talk-by-grade-8-students-in-english\/#primaryimage\"},\"thumbnailUrl\":\"https:\/\/bilingual.hu\/app\/uploads\/2026\/09\/ted-mindmap.png\",\"datePublished\":\"2026-09-02T17:56:09+00:00\",\"dateModified\":\"2026-09-02T18:04:10+00:00\",\"breadcrumb\":{\"@id\":\"https:\/\/bilingual.hu\/en\/ted-talk-by-grade-8-students-in-english\/#breadcrumb\"},\"inLanguage\":\"en-US\",\"potentialAction\":[{\"@type\":\"ReadAction\",\"target\":[\"https:\/\/bilingual.hu\/en\/ted-talk-by-grade-8-students-in-english\/\"]}]},{\"@type\":\"ImageObject\",\"inLanguage\":\"en-US\",\"@id\":\"https:\/\/bilingual.hu\/en\/ted-talk-by-grade-8-students-in-english\/#primaryimage\",\"url\":\"https:\/\/bilingual.hu\/app\/uploads\/2026\/09\/ted-mindmap.png\",\"contentUrl\":\"https:\/\/bilingual.hu\/app\/uploads\/2026\/09\/ted-mindmap.png\",\"width\":583,\"height\":331},{\"@type\":\"BreadcrumbList\",\"@id\":\"https:\/\/bilingual.hu\/en\/ted-talk-by-grade-8-students-in-english\/#breadcrumb\",\"itemListElement\":[{\"@type\":\"ListItem\",\"position\":1,\"name\":\"&nbsp;\",\"item\":\"https:\/\/bilingual.hu\/en\/\"},{\"@type\":\"ListItem\",\"position\":2,\"name\":\"TED Talk by Grade 8 students in English?\"}]},{\"@type\":\"WebSite\",\"@id\":\"https:\/\/bilingual.hu\/en\/#website\",\"url\":\"https:\/\/bilingual.hu\/en\/\",\"name\":\"Bilingual\",\"description\":\"A Bilingual Program egy intenz\u00edv k\u00e9tnyelv\u0171 k\u00e9pz\u00e9s.\",\"publisher\":{\"@id\":\"https:\/\/bilingual.hu\/en\/#organization\"},\"potentialAction\":[{\"@type\":\"SearchAction\",\"target\":{\"@type\":\"EntryPoint\",\"urlTemplate\":\"https:\/\/bilingual.hu\/en\/?s={search_term_string}\"},\"query-input\":{\"@type\":\"PropertyValueSpecification\",\"valueRequired\":true,\"valueName\":\"search_term_string\"}}],\"inLanguage\":\"en-US\"},{\"@type\":\"Organization\",\"@id\":\"https:\/\/bilingual.hu\/en\/#organization\",\"name\":\"Bilingual\",\"url\":\"https:\/\/bilingual.hu\/en\/\",\"logo\":{\"@type\":\"ImageObject\",\"inLanguage\":\"en-US\",\"@id\":\"https:\/\/bilingual.hu\/en\/#\/schema\/logo\/image\/\",\"url\":\"https:\/\/bilingual.hu\/app\/uploads\/2024\/08\/Property-1Variant2.svg\",\"contentUrl\":\"https:\/\/bilingual.hu\/app\/uploads\/2024\/08\/Property-1Variant2.svg\",\"caption\":\"Bilingual\"},\"image\":{\"@id\":\"https:\/\/bilingual.hu\/en\/#\/schema\/logo\/image\/\"},\"sameAs\":[\"https:\/\/www.facebook.com\/bilingual.hu\",\"https:\/\/www.instagram.com\/bilingual.hu\/\",\"https:\/\/www.youtube.com\/channel\/UCr0fdfvgn1CRi0YwFT5LwEg\/videos\"]},{\"@type\":\"Person\",\"@id\":\"https:\/\/bilingual.hu\/en\/#\/schema\/person\/f6add0f41f6a70d92b4bf1f6d6c07af5\",\"name\":\"Wagner Zolt\u00e1n\",\"image\":{\"@type\":\"ImageObject\",\"inLanguage\":\"en-US\",\"@id\":\"https:\/\/bilingual.hu\/en\/#\/schema\/person\/image\/\",\"url\":\"https:\/\/secure.gravatar.com\/avatar\/511d5ec29fd0dc398faf30affc8783431962147a7021cce8db75f411a924b99d?s=96&d=mm&r=g\",\"contentUrl\":\"https:\/\/secure.gravatar.com\/avatar\/511d5ec29fd0dc398faf30affc8783431962147a7021cce8db75f411a924b99d?s=96&d=mm&r=g\",\"caption\":\"Wagner Zolt\u00e1n\"}}]}<\/script>\n<!-- \/ Yoast SEO plugin. -->","yoast_head_json":{"title":"TED Talk by Grade 8 students in English? - Bilingual","robots":{"index":"index","follow":"follow","max-snippet":"max-snippet:-1","max-image-preview":"max-image-preview:large","max-video-preview":"max-video-preview:-1"},"canonical":"https:\/\/bilingual.hu\/en\/ted-talk-by-grade-8-students-in-english\/","og_locale":"en_US","og_type":"article","og_title":"TED Talk by Grade 8 students in English? - Bilingual","og_description":"Look, how confident, articulate speakers our students become by the end of their primary school studies!","og_url":"https:\/\/bilingual.hu\/en\/ted-talk-by-grade-8-students-in-english\/","og_site_name":"Bilingual","article_publisher":"https:\/\/www.facebook.com\/bilingual.hu","article_published_time":"2026-09-02T17:56:09+00:00","article_modified_time":"2026-09-02T18:04:10+00:00","og_image":[{"width":583,"height":331,"url":"https:\/\/bilingual.hu\/app\/uploads\/2026\/09\/ted-mindmap.png","type":"image\/png"}],"author":"Wagner Zolt\u00e1n","twitter_card":"summary_large_image","twitter_misc":{"Written by":"Wagner Zolt\u00e1n"},"schema":{"@context":"https:\/\/schema.org","@graph":[{"@type":"Article","@id":"https:\/\/bilingual.hu\/en\/ted-talk-by-grade-8-students-in-english\/#article","isPartOf":{"@id":"https:\/\/bilingual.hu\/en\/ted-talk-by-grade-8-students-in-english\/"},"author":{"name":"Wagner Zolt\u00e1n","@id":"https:\/\/bilingual.hu\/en\/#\/schema\/person\/f6add0f41f6a70d92b4bf1f6d6c07af5"},"headline":"TED Talk by Grade 8 students in English?","datePublished":"2026-09-02T17:56:09+00:00","dateModified":"2026-09-02T18:04:10+00:00","mainEntityOfPage":{"@id":"https:\/\/bilingual.hu\/en\/ted-talk-by-grade-8-students-in-english\/"},"wordCount":102,"publisher":{"@id":"https:\/\/bilingual.hu\/en\/#organization"},"image":{"@id":"https:\/\/bilingual.hu\/en\/ted-talk-by-grade-8-students-in-english\/#primaryimage"},"thumbnailUrl":"https:\/\/bilingual.hu\/app\/uploads\/2026\/09\/ted-mindmap.png","inLanguage":"en-US"},{"@type":"WebPage","@id":"https:\/\/bilingual.hu\/en\/ted-talk-by-grade-8-students-in-english\/","url":"https:\/\/bilingual.hu\/en\/ted-talk-by-grade-8-students-in-english\/","name":"TED Talk by Grade 8 students in English? - Bilingual","isPartOf":{"@id":"https:\/\/bilingual.hu\/en\/#website"},"primaryImageOfPage":{"@id":"https:\/\/bilingual.hu\/en\/ted-talk-by-grade-8-students-in-english\/#primaryimage"},"image":{"@id":"https:\/\/bilingual.hu\/en\/ted-talk-by-grade-8-students-in-english\/#primaryimage"},"thumbnailUrl":"https:\/\/bilingual.hu\/app\/uploads\/2026\/09\/ted-mindmap.png","datePublished":"2026-09-02T17:56:09+00:00","dateModified":"2026-09-02T18:04:10+00:00","breadcrumb":{"@id":"https:\/\/bilingual.hu\/en\/ted-talk-by-grade-8-students-in-english\/#breadcrumb"},"inLanguage":"en-US","potentialAction":[{"@type":"ReadAction","target":["https:\/\/bilingual.hu\/en\/ted-talk-by-grade-8-students-in-english\/"]}]},{"@type":"ImageObject","inLanguage":"en-US","@id":"https:\/\/bilingual.hu\/en\/ted-talk-by-grade-8-students-in-english\/#primaryimage","url":"https:\/\/bilingual.hu\/app\/uploads\/2026\/09\/ted-mindmap.png","contentUrl":"https:\/\/bilingual.hu\/app\/uploads\/2026\/09\/ted-mindmap.png","width":583,"height":331},{"@type":"BreadcrumbList","@id":"https:\/\/bilingual.hu\/en\/ted-talk-by-grade-8-students-in-english\/#breadcrumb","itemListElement":[{"@type":"ListItem","position":1,"name":"&nbsp;","item":"https:\/\/bilingual.hu\/en\/"},{"@type":"ListItem","position":2,"name":"TED Talk by Grade 8 students in English?"}]},{"@type":"WebSite","@id":"https:\/\/bilingual.hu\/en\/#website","url":"https:\/\/bilingual.hu\/en\/","name":"Bilingual","description":"A Bilingual Program egy intenz\u00edv k\u00e9tnyelv\u0171 k\u00e9pz\u00e9s.","publisher":{"@id":"https:\/\/bilingual.hu\/en\/#organization"},"potentialAction":[{"@type":"SearchAction","target":{"@type":"EntryPoint","urlTemplate":"https:\/\/bilingual.hu\/en\/?s={search_term_string}"},"query-input":{"@type":"PropertyValueSpecification","valueRequired":true,"valueName":"search_term_string"}}],"inLanguage":"en-US"},{"@type":"Organization","@id":"https:\/\/bilingual.hu\/en\/#organization","name":"Bilingual","url":"https:\/\/bilingual.hu\/en\/","logo":{"@type":"ImageObject","inLanguage":"en-US","@id":"https:\/\/bilingual.hu\/en\/#\/schema\/logo\/image\/","url":"https:\/\/bilingual.hu\/app\/uploads\/2024\/08\/Property-1Variant2.svg","contentUrl":"https:\/\/bilingual.hu\/app\/uploads\/2024\/08\/Property-1Variant2.svg","caption":"Bilingual"},"image":{"@id":"https:\/\/bilingual.hu\/en\/#\/schema\/logo\/image\/"},"sameAs":["https:\/\/www.facebook.com\/bilingual.hu","https:\/\/www.instagram.com\/bilingual.hu\/","https:\/\/www.youtube.com\/channel\/UCr0fdfvgn1CRi0YwFT5LwEg\/videos"]},{"@type":"Person","@id":"https:\/\/bilingual.hu\/en\/#\/schema\/person\/f6add0f41f6a70d92b4bf1f6d6c07af5","name":"Wagner Zolt\u00e1n","image":{"@type":"ImageObject","inLanguage":"en-US","@id":"https:\/\/bilingual.hu\/en\/#\/schema\/person\/image\/","url":"https:\/\/secure.gravatar.com\/avatar\/511d5ec29fd0dc398faf30affc8783431962147a7021cce8db75f411a924b99d?s=96&d=mm&r=g","contentUrl":"https:\/\/secure.gravatar.com\/avatar\/511d5ec29fd0dc398faf30affc8783431962147a7021cce8db75f411a924b99d?s=96&d=mm&r=g","caption":"Wagner Zolt\u00e1n"}}]}},"_links":{"self":[{"href":"https:\/\/bilingual.hu\/en\/wp-json\/wp\/v2\/posts\/10810","targetHints":{"allow":["GET"]}}],"collection":[{"href":"https:\/\/bilingual.hu\/en\/wp-json\/wp\/v2\/posts"}],"about":[{"href":"https:\/\/bilingual.hu\/en\/wp-json\/wp\/v2\/types\/post"}],"author":[{"embeddable":true,"href":"https:\/\/bilingual.hu\/en\/wp-json\/wp\/v2\/users\/27"}],"replies":[{"embeddable":true,"href":"https:\/\/bilingual.hu\/en\/wp-json\/wp\/v2\/comments?post=10810"}],"version-history":[{"count":1,"href":"https:\/\/bilingual.hu\/en\/wp-json\/wp\/v2\/posts\/10810\/revisions"}],"predecessor-version":[{"id":10811,"href":"https:\/\/bilingual.hu\/en\/wp-json\/wp\/v2\/posts\/10810\/revisions\/10811"}],"wp:featuredmedia":[{"embeddable":true,"href":"https:\/\/bilingual.hu\/en\/wp-json\/wp\/v2\/media\/10813"}],"wp:attachment":[{"href":"https:\/\/bilingual.hu\/en\/wp-json\/wp\/v2\/media?parent=10810"}],"wp:term":[{"taxonomy":"category","embeddable":true,"href":"https:\/\/bilingual.hu\/en\/wp-json\/wp\/v2\/categories?post=10810"},{"taxonomy":"post_tag","embeddable":true,"href":"https:\/\/bilingual.hu\/en\/wp-json\/wp\/v2\/tags?post=10810"}],"curies":[{"name":"wp","href":"https:\/\/api.w.org\/{rel}","templated":true}]}}